{"id":1019,"date":"2013-02-14T12:24:36","date_gmt":"2013-02-14T10:24:36","guid":{"rendered":"http:\/\/www.sav-torgelow-ringen.de\/RV%20MV2\/wordpress_341-de\/wordpress\/?p=1019"},"modified":"2013-02-14T12:35:46","modified_gmt":"2013-02-14T10:35:46","slug":"drb-unterschriftenaktion","status":"publish","type":"post","link":"https:\/\/www.ringen-mv.de\/?p=1019","title":{"rendered":"DRB Unterschriftenaktion"},"content":{"rendered":"<p style=\"text-align: justify;\"><strong><a href=\"http:\/\/www.ringen-mv.de\/wp-content\/uploads\/2013\/02\/photo-save-wrestling1.jpg\"><img loading=\"lazy\" decoding=\"async\" class=\"alignleft  wp-image-1029\" title=\"photo-save-wrestling\" src=\"http:\/\/www.ringen-mv.de\/wp-content\/uploads\/2013\/02\/photo-save-wrestling1.jpg\" alt=\"\" width=\"250\" height=\"158\" srcset=\"https:\/\/www.ringen-mv.de\/wp-content\/uploads\/2013\/02\/photo-save-wrestling1.jpg 599w, https:\/\/www.ringen-mv.de\/wp-content\/uploads\/2013\/02\/photo-save-wrestling1-300x191.jpg 300w\" sizes=\"auto, (max-width: 250px) 100vw, 250px\" \/><\/a>Liebe Ringerinnen, Ringer, Trainer, Funktion\u00e4re, Sponsoren, Partner und Fans,<\/strong><\/p>\n<p style=\"text-align: justify;\">durch die Medien schwappt seit gestern die Nachricht von der Streichung des Ringkampfsportes aus dem Olympischen Programm.<br \/>\nViele Stimmen und Meinungen wurden verfasst und ver\u00f6ffentlicht. In Einem sind sich wohl alle einig; dass Ringen auf das nichtolympische Abstellgleis geschoben wird, darf nicht geschehen. M\u00f6gen es irgendwelche Streitigkeiten und Befindlichkeiten gewesen sein, die es zwischen Ringern oder Funktion\u00e4ren gegeben hat jetzt sollte uns der gemeinsame Kampf um unsere sch\u00f6ne Sportart vereinen.<\/p>\n<p style=\"text-align: justify;\"><!--more--><br \/>\nDer DRB-Pr\u00e4sident Manfred Werner hat in einem \u201aoffenen Brief\u2018 an den IOC-Vizepr\u00e4sidenten Dr. Thomas Bach gegen die Entscheidung des IOC-Exekutivausschusses protestiert (siehe Anlage). Dem sollten wir unsere Stimme geben und wir rufen daher zu einer Unterschriftensammlung auf, die diesem Schreiben zus\u00e4tzliches Gewicht verleiht.<br \/>\nLiebe Sportfreunde, es geht um den Erhalt des Ringkampfsportes im olympischen Programm und nach vielen Gespr\u00e4chen mit Ringern anderer Nationen gab es Signale, dass diese sich ebenso mit einem stimmgewaltigen Votum beteiligen. Bitte leitet diese Aufforderung zur Unterschriftensammlung an alle Vereine\u00a0 und alle Mitglieder, Freunde, Partner und Fans weiter und lasst Sie unterschreiben. Die Sammlung der Unterschriften sollte so schnell wie m\u00f6glich erfolgen, um auch den gew\u00fcnschten Effekt beim IOC zu erreichen.<br \/>\nZeigt mit eurer Unterschrift, dass wir als deutsche Ringerfamilie eine solche Entscheidung der IOC-Exekutive nicht wortlos hinnehmen!<\/p>\n<p style=\"text-align: justify;\"><a href=\"http:\/\/www.ringen-mv.de\/wp-content\/uploads\/2013\/02\/Offener-Brief.pdf\">&gt;&gt; Offener Brief<\/a><\/p>\n<p style=\"text-align: justify;\"><a href=\"http:\/\/www.ringen-mv.de\/wp-content\/uploads\/2013\/02\/Unterschriftenaktion.pdf\">&gt;&gt; Unterschriftenaktion<\/a><\/p>\n<p style=\"text-align: justify;\">Bitte schickt eure Unterschriften an das DRB-Generalsekretariat:<\/p>\n<p style=\"text-align: justify;\">Email: <strong>info@ringen.de<\/strong><\/p>\n<p style=\"text-align: justify;\">Telefax: 0231\/967849-19<\/p>\n<p style=\"text-align: justify;\">oder per Post an:<\/p>\n<p style=\"text-align: justify;\">DRB-Generalsekretariat<br \/>\nPostfach 44 01 09<br \/>\n44390 Dortmund<\/p>\n<p style=\"text-align: justify;\">J\u00f6rg Richter<br \/>\nPressereferent des DRB<br \/>\nIm Auftrag des DRB-Pr\u00e4sidiums<\/p>\n","protected":false},"excerpt":{"rendered":"<p>Liebe Ringerinnen, Ringer, Trainer, Funktion\u00e4re, Sponsoren, Partner und Fans, durch die Medien schwappt seit gestern die Nachricht von der Streichung des Ringkampfsportes aus dem Olympischen Programm. Viele Stimmen und Meinungen wurden verfasst und ver\u00f6ffentlicht. In Einem sind sich wohl alle einig; dass Ringen auf das nichtolympische Abstellgleis geschoben<\/p>\n","protected":false},"author":2,"featured_media":0,"comment_status":"open","ping_status":"open","sticky":false,"template":"","format":"standard","meta":{"footnotes":""},"categories":[1],"tags":[],"class_list":["post-1019","post","type-post","status-publish","format-standard","hentry","category-allgemein"],"_links":{"self":[{"href":"https:\/\/www.ringen-mv.de\/index.php?rest_route=\/wp\/v2\/posts\/1019","targetHints":{"allow":["GET"]}}],"collection":[{"href":"https:\/\/www.ringen-mv.de\/index.php?rest_route=\/wp\/v2\/posts"}],"about":[{"href":"https:\/\/www.ringen-mv.de\/index.php?rest_route=\/wp\/v2\/types\/post"}],"author":[{"embeddable":true,"href":"https:\/\/www.ringen-mv.de\/index.php?rest_route=\/wp\/v2\/users\/2"}],"replies":[{"embeddable":true,"href":"https:\/\/www.ringen-mv.de\/index.php?rest_route=%2Fwp%2Fv2%2Fcomments&post=1019"}],"version-history":[{"count":8,"href":"https:\/\/www.ringen-mv.de\/index.php?rest_route=\/wp\/v2\/posts\/1019\/revisions"}],"predecessor-version":[{"id":1028,"href":"https:\/\/www.ringen-mv.de\/index.php?rest_route=\/wp\/v2\/posts\/1019\/revisions\/1028"}],"wp:attachment":[{"href":"https:\/\/www.ringen-mv.de\/index.php?rest_route=%2Fwp%2Fv2%2Fmedia&parent=1019"}],"wp:term":[{"taxonomy":"category","embeddable":true,"href":"https:\/\/www.ringen-mv.de\/index.php?rest_route=%2Fwp%2Fv2%2Fcategories&post=1019"},{"taxonomy":"post_tag","embeddable":true,"href":"https:\/\/www.ringen-mv.de\/index.php?rest_route=%2Fwp%2Fv2%2Ftags&post=1019"}],"curies":[{"name":"wp","href":"https:\/\/api.w.org\/{rel}","templated":true}]}}