{"id":1075,"date":"2013-02-22T10:29:56","date_gmt":"2013-02-22T08:29:56","guid":{"rendered":"http:\/\/www.sav-torgelow-ringen.de\/RV%20MV2\/wordpress_341-de\/wordpress\/?p=1075"},"modified":"2013-03-05T14:49:57","modified_gmt":"2013-03-05T12:49:57","slug":"das-ist-einfach-eine-hinterhaltige-entscheidung","status":"publish","type":"post","link":"https:\/\/www.ringen-mv.de\/?p=1075","title":{"rendered":"\u201eDas ist einfach eine hinterh\u00e4ltige Entscheidung\u201c"},"content":{"rendered":"<p style=\"text-align: justify;\"><a href=\"http:\/\/www.ringen-mv.de\/wp-content\/uploads\/2013\/02\/csaba.png\"><img loading=\"lazy\" decoding=\"async\" class=\"alignleft  wp-image-1076\" title=\"csaba\" src=\"http:\/\/www.ringen-mv.de\/wp-content\/uploads\/2013\/02\/csaba.png\" alt=\"\" width=\"194\" height=\"232\" \/><\/a>Der Beschluss des Internationalen Olympischen Komitees (IOC), die Sportart Ringen f\u00fcr 2020 aus dem Olympischen Programm zu nehmen, hat weltweite Proteste ausgel\u00f6st (SVZ berichtete). Auch beim Ringerverein L\u00fcbtheen stie\u00df die Ank\u00fcndigung auf Emp\u00f6rung. SVZ hatte Gelegenheit, mit Csaba M\u00e1trah\u00e1zi zu sprechen. Der 73-J\u00e4hrige, der 1963 aus Ungarn in die Lindenstadt gekommen war und dort ab 1968 als \u201eGr\u00fcndervater\u201c das Ringen als Wettkampfsport aufgebaut hat, ist noch heute in beratender Funktion f\u00fcr den Zweitliga-Aufsteiger t\u00e4tig und bringt sich auch aktiv in die Technik-Schulung der M\u00e4nner ein, wenn einmal Not am Mann sein sollte.<\/p>\n<p style=\"text-align: justify;\"><!--more--><\/p>\n<p style=\"text-align: justify;\"><strong>Wie fiel Ihre\u00a0 erste Reaktion aus, als Sie von dem Beschluss geh\u00f6rt haben?<\/strong><\/p>\n<p style=\"text-align: justify;\"><em>Csaba M\u00e1trah\u00e1zi:<\/em> Ich habe gedacht, jetzt ist die Bombe geplatzt. Die Ringer standen ja schon seit vielen Jahren im Fokus des IOC, wurden immer wieder angegriffen,\u00a0 so nach dem Motto: Wenn ihr nichts \u00e4ndert, fliegt ihr raus. Dennoch, \u201e\u00fcberrascht\u201c, wie sich unser Verband gezeigt hat, ist f\u00fcr diese hinterh\u00e4ltige Entscheidung ein viel zu milder Ausdruck. Wir sprechen hier gewisserma\u00dfen von der Mutter aller Sportarten. Gerungen wurde nachweislich schon vor 5000 Jahren. Der Ringkampfsport wird auf allen Kontinenten betrieben, dem Weltverband sind 147 L\u00e4nder als Mitglieder angeschlossen. In\u00a0 Deutschland und \u00fcberhaupt in Westeuropa stehen wir zwar ein bisschen hintendran, aber in Russland, den USA oder dem Iran, um nur einige Beispiele zu nennen, ist das Ringen ungeheuer popul\u00e4r. Oder nehmen Sie Bulgarien und die T\u00fcrkei, da stehen die Kinder im Training Schlange.<\/p>\n<p><a href=\"http:\/\/www.ringen-luebtheen.de\/?p=1382\" target=\"_blank\">&gt;&gt; weiterlesen<\/a><\/p>\n","protected":false},"excerpt":{"rendered":"<p>Der Beschluss des Internationalen Olympischen Komitees (IOC), die Sportart Ringen f\u00fcr 2020 aus dem Olympischen Programm zu nehmen, hat weltweite Proteste ausgel\u00f6st (SVZ berichtete). Auch beim Ringerverein L\u00fcbtheen stie\u00df die Ank\u00fcndigung auf Emp\u00f6rung. SVZ hatte Gelegenheit, mit Csaba M\u00e1trah\u00e1zi zu sprechen. Der 73-J\u00e4hrige, der 1963 aus Ungarn in<\/p>\n","protected":false},"author":1,"featured_media":0,"comment_status":"open","ping_status":"open","sticky":false,"template":"","format":"standard","meta":{"footnotes":""},"categories":[1],"tags":[],"class_list":["post-1075","post","type-post","status-publish","format-standard","hentry","category-allgemein"],"_links":{"self":[{"href":"https:\/\/www.ringen-mv.de\/index.php?rest_route=\/wp\/v2\/posts\/1075","targetHints":{"allow":["GET"]}}],"collection":[{"href":"https:\/\/www.ringen-mv.de\/index.php?rest_route=\/wp\/v2\/posts"}],"about":[{"href":"https:\/\/www.ringen-mv.de\/index.php?rest_route=\/wp\/v2\/types\/post"}],"author":[{"embeddable":true,"href":"https:\/\/www.ringen-mv.de\/index.php?rest_route=\/wp\/v2\/users\/1"}],"replies":[{"embeddable":true,"href":"https:\/\/www.ringen-mv.de\/index.php?rest_route=%2Fwp%2Fv2%2Fcomments&post=1075"}],"version-history":[{"count":7,"href":"https:\/\/www.ringen-mv.de\/index.php?rest_route=\/wp\/v2\/posts\/1075\/revisions"}],"predecessor-version":[{"id":1187,"href":"https:\/\/www.ringen-mv.de\/index.php?rest_route=\/wp\/v2\/posts\/1075\/revisions\/1187"}],"wp:attachment":[{"href":"https:\/\/www.ringen-mv.de\/index.php?rest_route=%2Fwp%2Fv2%2Fmedia&parent=1075"}],"wp:term":[{"taxonomy":"category","embeddable":true,"href":"https:\/\/www.ringen-mv.de\/index.php?rest_route=%2Fwp%2Fv2%2Fcategories&post=1075"},{"taxonomy":"post_tag","embeddable":true,"href":"https:\/\/www.ringen-mv.de\/index.php?rest_route=%2Fwp%2Fv2%2Ftags&post=1075"}],"curies":[{"name":"wp","href":"https:\/\/api.w.org\/{rel}","templated":true}]}}