{"id":1083,"date":"2013-02-25T10:07:54","date_gmt":"2013-02-25T08:07:54","guid":{"rendered":"http:\/\/www.sav-torgelow-ringen.de\/RV%20MV2\/wordpress_341-de\/wordpress\/?p=1083"},"modified":"2013-02-25T13:45:09","modified_gmt":"2013-02-25T11:45:09","slug":"sebastian-nehls-und-andrej-ginc-holen-dm-bronze","status":"publish","type":"post","link":"https:\/\/www.ringen-mv.de\/?p=1083","title":{"rendered":"Sebastian Nehls und Andrej Ginc holen DM-Bronze"},"content":{"rendered":"<div id=\"attachment_1084\" style=\"width: 160px\" class=\"wp-caption alignleft\"><a href=\"http:\/\/www.ringen-mv.de\/wp-content\/uploads\/2013\/02\/DRB-Kampanie-Rettet-das-Ringen.jpg\"><img loading=\"lazy\" decoding=\"async\" aria-describedby=\"caption-attachment-1084\" class=\"size-thumbnail wp-image-1084\" src=\"http:\/\/www.ringen-mv.de\/wp-content\/uploads\/2013\/02\/DRB-Kampanie-Rettet-das-Ringen-150x150.jpg\" alt=\"\" width=\"150\" height=\"150\" \/><\/a><p id=\"caption-attachment-1084\" class=\"wp-caption-text\">DRB-Kampanie &#8222;Rettet das Ringen&#8220;<\/p><\/div>\n<p style=\"text-align: justify\"><strong>Ringen DM Jugend A<\/strong><\/p>\n<p style=\"text-align: justify\">Am letzten Wochenende fanden die deutschen Titelk\u00e4mpfe f\u00fcr die Jugend A, das ist der internationale Kadettenbereich f\u00fcr die Jahrg\u00e4nge 1996 bis 1998, statt. F\u00fcr die Freistiler ging es dazu nach M\u00fchlheim (Nordrhein-Westfalen) und f\u00fcr die griechisch-r\u00f6misch Spezialisten nach V\u00f6lklingen (Saarland).<\/p>\n<p style=\"text-align: justify\"><!--more-->Hier unweit von Saarbr\u00fccken gingen f\u00fcr den Ringerverband Mecklenburg-Vorpommern sieben Athleten an den Start, Rick Brauer (42 kg\/Demmin), Gustav Kenn (46 kg\/Torgelow), Alexander Ginc (50 kg\/Torgelow), Timur Marziev (50 kg\/Greifswald), Andrej Ginc (54 kg\/Torgelow), Anthony Foth (58 kg\/Torgelow) und Ilian Marziev (63 kg\/Greifswald) hielten f\u00fcr die Nordostdeutschen die Fahnen hoch. In M\u00fchlheim hingegen gab durch Sebastian Nehls (63 kg\/Warnem\u00fcnde) gerade mal einen Starter aus M-V Sicht. Am Ende aber konnten sich die Nordlichter \u00fcber jeweils eine Bronzemedaille bei beiden Wettk\u00e4mpfen freuen.<\/p>\n<div id=\"attachment_1085\" style=\"width: 160px\" class=\"wp-caption alignleft\"><a href=\"http:\/\/www.ringen-mv.de\/wp-content\/uploads\/2013\/02\/Sebastian-Nehls.jpg\"><img loading=\"lazy\" decoding=\"async\" aria-describedby=\"caption-attachment-1085\" class=\"size-thumbnail wp-image-1085\" src=\"http:\/\/www.ringen-mv.de\/wp-content\/uploads\/2013\/02\/Sebastian-Nehls-150x150.jpg\" alt=\"\" width=\"150\" height=\"150\" \/><\/a><p id=\"caption-attachment-1085\" class=\"wp-caption-text\">Sebastian Nehls<\/p><\/div>\n<p style=\"text-align: justify\">Gerade die Leistung von Sebastian ist hoch zu w\u00fcrdigen. Da es im Freistilbereich schon einige Zeit her ist, das man mit Edelmetall von Meisterschaften zur\u00fcckkam. Dabei h\u00e4tte Sebastian sogar das gro\u00dfe Finale um Gold erreichen k\u00f6nnen. Den entscheidenden Kampf verlor er nur denkbar knapp. In der Vorrunde konnte er f\u00fcnf K\u00e4mpfe klar und sicher gewinnen. Nur gegen den sp\u00e4teren Meister Marius Quinto (S\u00fcdbaden) reichte es leider nicht ganz zum Erfolg. Im Kampf um Bronze gegen Daniel Decker (Saarland) musste er zwar die erste Runde abgeben, aber gewann dann die n\u00e4chsten beiden Rundenduelle sicher und holte sich somit Bronze f\u00fcr seinen Heimatverein SV Warnem\u00fcnde.<\/p>\n<div id=\"attachment_1086\" style=\"width: 160px\" class=\"wp-caption alignleft\"><a href=\"http:\/\/www.ringen-mv.de\/wp-content\/uploads\/2013\/02\/Andrej-Ginc.jpg\"><img loading=\"lazy\" decoding=\"async\" aria-describedby=\"caption-attachment-1086\" class=\"size-thumbnail wp-image-1086\" src=\"http:\/\/www.ringen-mv.de\/wp-content\/uploads\/2013\/02\/Andrej-Ginc-150x150.jpg\" alt=\"\" width=\"150\" height=\"150\" \/><\/a><p id=\"caption-attachment-1086\" class=\"wp-caption-text\">Andrej Ginc<\/p><\/div>\n<p style=\"text-align: justify\">Im Saarland, bei den Klassikern hingegen h\u00e4tten es eventuell auch ein zwei Medaillen mehr sein k\u00f6nnen, aber das n\u00f6tige Gl\u00fcck fehlten dann einigen Athleten im entscheidenden Moment. Andrej Ginc gewann in der Vorrunde vier Duelle und musste auch nur gegen den sp\u00e4teren Meister Witali Lazovski (Nordbaden) eine unn\u00f6tige Niederlage einstecken. Im Kampf um Bronze traf er dann auf den gleichw\u00e4rtigen Yannick-Emil Kraus (W\u00fcrttemberg), der ihm alles abverlangte. Aber am Ende konnte er mit 2 zu 1 Rundensiegen seinen Medaillengewinn bejubeln. Nach dem Titelgewinn im letzten Jahr in der B-Jugend jetzt f\u00fcr ihn bei der A-Jugend seine zweite Meisterschaftsmedaille in der jungen Laufbahn. Zwillingsbruder Alexander Ginc hatte praktisch auch schon die H\u00e4nde an einer Medaille. Allerdings lie\u00dfen zwei bl\u00f6de Niederlagen gegen harte Konkurrenz dann nur den Kampf um Platz 5 zu. Hier wieder voll konzentriert besiegte er dann Vorjahresvizemeister Maximilian Stadtm\u00fcller (Hessen) sicher in zwei Runden und holte sich Platz 5. Der Demminer Rick Brauer stand auch im Kampf um Platz 5 auf der Matte. F\u00fcr ihn ein akzeptables Resultat, allerdings blieb er gegen Andreas Heidt (S\u00fcdbaden) diesmal chancenlos und wurde Sechster. Aber auch die anderen Jungs schlugen sich tapfer und verloren ihre Vorrundenduelle oft nur gegen sp\u00e4tere Medaillengewinner. Kann man diese teilweise knappen Niederlagen f\u00fcr sich entscheiden, hat man selber die Chance auf Edelmetall. So aber kommen Anthony Foth auf Platz 8, Ilian Marziev wird 10., Gustav Kenn 12 und Timur Marziev beendet den Wettkampf auf Platz 15.<\/p>\n<p style=\"text-align: justify\"><a href=\"http:\/\/www.ringen-mv.de\/wp-content\/uploads\/2013\/02\/DM-2013-A-LL.pdf\">Bulletin der DM A-Jugend FR<\/a><\/p>\n<p style=\"text-align: justify\"><a href=\"http:\/\/www.ringen-mv.de\/wp-content\/uploads\/2013\/02\/Bulletin_DM-Jgd-A-2013gr.roem_.pdf\">Bulletin der DM A-Jugend GR<\/a><\/p>\n<p style=\"text-align: justify\">Neben den K\u00e4mpfen auf der Matte war nat\u00fcrlich das angedrohte Olympia-Aus f\u00fcr die Ringer gro\u00df im Gespr\u00e4ch. Auf beiden Veranstaltungen zeigten die Ringk\u00e4mpfer, mit dem Start der Kampagne des DRB \u201eRettet das Ringen\u201c, das sie gewillt sind, nicht kampflos auf Olympia zu verzichten. Den gerade diese Jahrg\u00e4nge k\u00f6nnte es ja dann betreffen.<\/p>\n<p style=\"text-align: justify\">Infos dazu unter <a href=\"http:\/\/www.ringen.de\/\">www.ringen.de<\/a><\/p>\n<p style=\"text-align: justify\">\n<p style=\"text-align: justify\">Uwe Bremer<\/p>\n","protected":false},"excerpt":{"rendered":"<p>Ringen DM Jugend A Am letzten Wochenende fanden die deutschen Titelk\u00e4mpfe f\u00fcr die Jugend A, das ist der internationale Kadettenbereich f\u00fcr die Jahrg\u00e4nge 1996 bis 1998, statt. F\u00fcr die Freistiler ging es dazu nach M\u00fchlheim (Nordrhein-Westfalen) und f\u00fcr die griechisch-r\u00f6misch Spezialisten nach V\u00f6lklingen (Saarland).<\/p>\n","protected":false},"author":2,"featured_media":0,"comment_status":"open","ping_status":"open","sticky":false,"template":"","format":"standard","meta":{"footnotes":""},"categories":[11,9,8,17],"tags":[],"class_list":["post-1083","post","type-post","status-publish","format-standard","hentry","category-demmin","category-greifswald","category-torgelow","category-warnemunde"],"_links":{"self":[{"href":"https:\/\/www.ringen-mv.de\/index.php?rest_route=\/wp\/v2\/posts\/1083","targetHints":{"allow":["GET"]}}],"collection":[{"href":"https:\/\/www.ringen-mv.de\/index.php?rest_route=\/wp\/v2\/posts"}],"about":[{"href":"https:\/\/www.ringen-mv.de\/index.php?rest_route=\/wp\/v2\/types\/post"}],"author":[{"embeddable":true,"href":"https:\/\/www.ringen-mv.de\/index.php?rest_route=\/wp\/v2\/users\/2"}],"replies":[{"embeddable":true,"href":"https:\/\/www.ringen-mv.de\/index.php?rest_route=%2Fwp%2Fv2%2Fcomments&post=1083"}],"version-history":[{"count":10,"href":"https:\/\/www.ringen-mv.de\/index.php?rest_route=\/wp\/v2\/posts\/1083\/revisions"}],"predecessor-version":[{"id":1098,"href":"https:\/\/www.ringen-mv.de\/index.php?rest_route=\/wp\/v2\/posts\/1083\/revisions\/1098"}],"wp:attachment":[{"href":"https:\/\/www.ringen-mv.de\/index.php?rest_route=%2Fwp%2Fv2%2Fmedia&parent=1083"}],"wp:term":[{"taxonomy":"category","embeddable":true,"href":"https:\/\/www.ringen-mv.de\/index.php?rest_route=%2Fwp%2Fv2%2Fcategories&post=1083"},{"taxonomy":"post_tag","embeddable":true,"href":"https:\/\/www.ringen-mv.de\/index.php?rest_route=%2Fwp%2Fv2%2Ftags&post=1083"}],"curies":[{"name":"wp","href":"https:\/\/api.w.org\/{rel}","templated":true}]}}