{"id":1133,"date":"2013-02-27T09:31:16","date_gmt":"2013-02-27T07:31:16","guid":{"rendered":"http:\/\/www.sav-torgelow-ringen.de\/RV%20MV2\/wordpress_341-de\/wordpress\/?p=1133"},"modified":"2013-03-05T14:49:53","modified_gmt":"2013-03-05T12:49:53","slug":"demmins-ringerwelt-nach-ioc-vorschlag-im-schock","status":"publish","type":"post","link":"https:\/\/www.ringen-mv.de\/?p=1133","title":{"rendered":"Demmins Ringerwelt nach IOC-Vorschlag im Schock"},"content":{"rendered":"<div id=\"attachment_1134\" style=\"width: 160px\" class=\"wp-caption alignleft\"><a href=\"http:\/\/www.ringen-mv.de\/wp-content\/uploads\/2013\/02\/Lennard-Wollenburg.jpg\"><img loading=\"lazy\" decoding=\"async\" aria-describedby=\"caption-attachment-1134\" class=\"size-thumbnail wp-image-1134\" src=\"http:\/\/www.ringen-mv.de\/wp-content\/uploads\/2013\/02\/Lennard-Wollenburg-150x150.jpg\" alt=\"\" width=\"150\" height=\"150\" \/><\/a><p id=\"caption-attachment-1134\" class=\"wp-caption-text\">Lennard Wollenburg f\u00e4hrt im M\u00e4rz zu den Deutschen Meisterschaften.<\/p><\/div>\n<p style=\"text-align: justify;\"><strong>Die Hansestadt hat in den vergangenen zehn Jahren sieben Athleten an die Sportschule delegiert. F\u00e4llt nun ihre olympische Perspektive weg?<\/strong><\/p>\n<p style=\"text-align: justify;\">Jeder Sportler tr\u00e4umt von Olympia. Auch Sten Brauer. Einmal dabei sein, die Besten der Welt treffen. Das w\u00e4re doch was. Ist f\u00fcr den 12-J\u00e4hrigen der Traum schon zerplatzt, bevor er begonnen hat?<\/p>\n<p style=\"text-align: justify;\"><!--more--><\/p>\n<p style=\"text-align: justify;\">Sten ist Ringer und trainiert seit sechs Jahren im Demminer Ringerverein. Im August will er in den Olympiast\u00fctzpunkt nach Frankfurt\/Oder wechseln. Den Aufnahmetest hat er bestanden. Und nun will das Internationale Olympische Komitee (IOC) die klassische Sportart aus dem Programm f\u00fcr die Sommerspiele 2020 streichen. \u201eDas finde ich total bl\u00f6d\u201c, sagt Sten. Er w\u00fcrde es lieber sehen, wenn Ringen olympisch bleibt. Den 12-J\u00e4hrigen packt trotzdem der Ehrgeiz. Er geht im n\u00e4chsten Schuljahr nach Frankfurt. Das steht f\u00fcr ihn fest. Jetzt erst einmal bereitet er sich auf seine erste Deutsche Meisterschaft vor.<\/p>\n<p style=\"text-align: justify;\">\u201eKlar, wir waren alle geschockt\u201c, sagt sein Trainer Rene Ladewig. V\u00f6llig \u00fcberraschend sei die Ank\u00fcndigung gekommen, dass keine olympischen Medaillen mehr vergeben werden sollen. In den neun Vereinen Mecklenburg-Vorpommerns sei der Protest gro\u00df. \u201eWir haben Unterschriften gesammelt.\u201c Ladewig sieht auch die F\u00f6rdermittel f\u00fcr den Olympiast\u00fctzpunkt wegbrechen. Aus Demmin trainieren derzeit drei Athleten an der Oder \u2013 Steffi Blohm, Peggy Liedtke und Rick Brauer. Sten w\u00e4re der vierte. Sie alle haben die sportliche Perspektive Olympia. \u201eDas ist das Nonplusultra eines jeden Sportlers\u201c, erkl\u00e4rt Ladewig. In den vergangenen zehn Jahren wurden sieben Demminer an die Sportschule delegiert. Die Sportart hat in der Hansestadt Tradition. Der Olympia-Vierte von Montreal 1976 und Moskau 1980, Roland Gehrke, ist vom legend\u00e4ren Demminer Peter Weidemann trainiert worden. Weidemann war es auch, der das Frauen- und M\u00e4dchenringen in Mecklenburg-Vorpommern popul\u00e4r gemacht hat.<\/p>\n<p style=\"text-align: justify;\">Jetzt bleibt nur, auf die Sportpolitik zu hoffen. Die endg\u00fcltige Entscheidung steht noch aus. \u201eIm Moment stehen wir alle ein bisschen auf dem Schlauch und m\u00fcssen abwarten\u201c, meint Ladewig. Verstehen kann er es nicht. Ringen ist griechisch-r\u00f6misch, die olympische Sportart schlechthin. In der olympischen Hymne hei\u00dft es \u201ebeim Laufen, Ringen und Weitwurf\u201c, soll die nun ge\u00e4ndert werden? \u201eIch glaube, es geht nur um Geld, wie Werbebanden am besten platziert werden k\u00f6nnen.\u201c<\/p>\n<p style=\"text-align: justify;\">Den olympischen Geist \u201eDabei sein ist alles\u201c, den gebe es gar nicht mehr. Vieles sei auch im Ringerverband falsch gemacht worden, zum Beispiel einige Regel\u00e4nderungen, wie im Stand Brust an Brust den Kampf zu beginnen. \u201eDas macht den Sport nicht sch\u00f6ner\u201c, gibt der Trainer zu. Dass sich bei Olympia etwas \u00e4ndern soll, das war bekannt \u2013 beim Griechisch-R\u00f6misch-Stil oder drei Gewichtsklassen bei den Frauen mehr, habe es gehei\u00dfen. Dass Ringen ganz weg soll, sei v\u00f6llig \u00fcberraschend gewesen. \u201eDamit hat keiner gerechnet.\u201c Istanbul habe sich f\u00fcr die Spiele 2020 beworben. \u201eIn der T\u00fcrkei ist Ringen Volkssport.\u201c<\/p>\n<div id=\"attachment_1135\" style=\"width: 160px\" class=\"wp-caption alignleft\"><a href=\"http:\/\/www.ringen-mv.de\/wp-content\/uploads\/2013\/02\/Ren\u00e9-Ladewig.jpg\"><img loading=\"lazy\" decoding=\"async\" aria-describedby=\"caption-attachment-1135\" class=\"size-thumbnail wp-image-1135\" src=\"http:\/\/www.ringen-mv.de\/wp-content\/uploads\/2013\/02\/Ren\u00e9-Ladewig-150x150.jpg\" alt=\"\" width=\"150\" height=\"150\" \/><\/a><p id=\"caption-attachment-1135\" class=\"wp-caption-text\">Trainer Ren\u00e9 Ladewig feuert seine Sch\u00fctzlinge an und motiviert sie.<\/p><\/div>\n<p style=\"text-align: justify;\">In Demmin ist wegen der Hiobsbotschaft noch kein R\u00fccklauf zu verzeichnen. Im Gegenteil. Sogar 15 M\u00e4dchen trainieren wieder in der Hansestadt. 35 Sportler treten auf die Matten, mit Eltern-Kind-Gruppe sind es \u00fcber 40. \u201eWir haben einen guten Zulauf, wir k\u00f6nnen uns nicht beklagen\u201c, meint Ren\u00e9 Ladewig. An diesem Wochenende begleitet er Rick Brauer zu den Deutschen Meisterschaften der A-Jugend ins Sauerland. Im M\u00e4rz f\u00e4hrt er mit Sten Brauer, Tim Kellermann und Lennard Wollenburg zu den Titelk\u00e4mpfen der B-Jugend. \u201eRingen ist eine Herausforderung\u201c, meint Sten. Die Sportart muss eine olympische Zukunft haben.<\/p>\n<address>\u00fcbernommen vom Nordkurier 23.02.13<\/address>\n<address>Text und Fotos von:<\/address>\n<address>Kirsten Gehrke<\/address>\n","protected":false},"excerpt":{"rendered":"<p>Die Hansestadt hat in den vergangenen zehn Jahren sieben Athleten an die Sportschule delegiert. F\u00e4llt nun ihre olympische Perspektive weg? Jeder Sportler tr\u00e4umt von Olympia. Auch Sten Brauer. Einmal dabei sein, die Besten der Welt treffen. Das w\u00e4re doch was. Ist f\u00fcr den 12-J\u00e4hrigen der Traum schon zerplatzt,<\/p>\n","protected":false},"author":2,"featured_media":0,"comment_status":"open","ping_status":"open","sticky":false,"template":"","format":"standard","meta":{"footnotes":""},"categories":[11],"tags":[],"class_list":["post-1133","post","type-post","status-publish","format-standard","hentry","category-demmin"],"_links":{"self":[{"href":"https:\/\/www.ringen-mv.de\/index.php?rest_route=\/wp\/v2\/posts\/1133","targetHints":{"allow":["GET"]}}],"collection":[{"href":"https:\/\/www.ringen-mv.de\/index.php?rest_route=\/wp\/v2\/posts"}],"about":[{"href":"https:\/\/www.ringen-mv.de\/index.php?rest_route=\/wp\/v2\/types\/post"}],"author":[{"embeddable":true,"href":"https:\/\/www.ringen-mv.de\/index.php?rest_route=\/wp\/v2\/users\/2"}],"replies":[{"embeddable":true,"href":"https:\/\/www.ringen-mv.de\/index.php?rest_route=%2Fwp%2Fv2%2Fcomments&post=1133"}],"version-history":[{"count":7,"href":"https:\/\/www.ringen-mv.de\/index.php?rest_route=\/wp\/v2\/posts\/1133\/revisions"}],"predecessor-version":[{"id":1139,"href":"https:\/\/www.ringen-mv.de\/index.php?rest_route=\/wp\/v2\/posts\/1133\/revisions\/1139"}],"wp:attachment":[{"href":"https:\/\/www.ringen-mv.de\/index.php?rest_route=%2Fwp%2Fv2%2Fmedia&parent=1133"}],"wp:term":[{"taxonomy":"category","embeddable":true,"href":"https:\/\/www.ringen-mv.de\/index.php?rest_route=%2Fwp%2Fv2%2Fcategories&post=1133"},{"taxonomy":"post_tag","embeddable":true,"href":"https:\/\/www.ringen-mv.de\/index.php?rest_route=%2Fwp%2Fv2%2Ftags&post=1133"}],"curies":[{"name":"wp","href":"https:\/\/api.w.org\/{rel}","templated":true}]}}