{"id":1163,"date":"2013-03-04T15:07:04","date_gmt":"2013-03-04T13:07:04","guid":{"rendered":"http:\/\/www.sav-torgelow-ringen.de\/RV%20MV2\/wordpress_341-de\/wordpress\/?p=1163"},"modified":"2013-03-05T14:50:01","modified_gmt":"2013-03-05T12:50:01","slug":"spendenaufruf","status":"publish","type":"post","link":"https:\/\/www.ringen-mv.de\/?p=1163","title":{"rendered":"Spendenaufruf"},"content":{"rendered":"<p style=\"text-align: justify;\"><a href=\"http:\/\/www.ringen-mv.de\/wp-content\/uploads\/2013\/03\/Banner_5x1_page_0022.jpg\"><img loading=\"lazy\" decoding=\"async\" class=\"alignleft size-full wp-image-1179\" src=\"http:\/\/www.ringen-mv.de\/wp-content\/uploads\/2013\/03\/Banner_5x1_page_0022.jpg\" alt=\"\" width=\"640\" height=\"128\" srcset=\"https:\/\/www.ringen-mv.de\/wp-content\/uploads\/2013\/03\/Banner_5x1_page_0022.jpg 640w, https:\/\/www.ringen-mv.de\/wp-content\/uploads\/2013\/03\/Banner_5x1_page_0022-300x60.jpg 300w\" sizes=\"auto, (max-width: 640px) 100vw, 640px\" \/><\/a>Wir hatten mit dem DRB-Pr\u00e4sidium und allen Landespr\u00e4sidenten ein Treffen, wo es um die Erl\u00e4uterung zur Handhabung unserer Kampagne-Ringen um Olympia geht.<\/p>\n<p style=\"text-align: justify;\"><!--more--><\/p>\n<p style=\"text-align: justify;\">So wie ich auch schon gesagt hatte, wir sollten in der \u00d6ffentlichkeit, gegen\u00fcber den Medien und im Internet nicht \u00fcber andere Sportarten herziehen ob sie gut oder schlecht sind oder irgendwie mit dem Ringen vergleichen. Das wird nicht gut ankommen. Vielmehr sollten wir darstellen, wie toll unsere Sportart ist, wie begeistert die Kinder mitmachen und das wir einen fairen Sport betreiben. Am Ende geht es ja darum das Wir um Olympia k\u00e4mpfen, und zwar mit fairen und sauberen Mitteln ohne andere Sportler in ihren Sportarten schlecht zu machen.<\/p>\n<p style=\"text-align: justify;\">Wir wurden auch darauf hingewiesen, dass wir keine offiziellen olympischen Symbole benutzen sollten. Da kann es wegen dem gesch\u00fctzten Sachen \u00c4rger geben. Die Logos unter <a title=\"http:\/\/www.ringen-um-olympia.de\/de\/downloads\/index.html \" href=\"http:\/\/www.ringen-um-olympia.de\/de\/downloads\/index.html\">http:\/\/www.ringen-um-olympia.de\/de\/downloads\/index.html <\/a>stehen uns dagegen zur freien Verf\u00fcgung zu.<\/p>\n<p style=\"text-align: justify;\">Des weiteren wollen wir nat\u00fcrlich auch die Finanzierung der Kampagne mit unterst\u00fctzen. Wir rufen die Vereine auf, wenn sie es wollen und k\u00f6nnen, nat\u00fcrlich auch private Personen uns mit einer Spende zu unterst\u00fctzen. Wir als Ringerverband werden nat\u00fcrlich auch was dazugeben und dann alles auf das Kampagnenkonto \u00fcberweisen.<\/p>\n<p style=\"text-align: justify;\">Hier die Bankverbindung:<br \/>\nRingerverband Mecklenburg-Vorpommern<br \/>\nVerwendungszweck: Rette das Ringen<br \/>\nKto-Nr.: 311 1997<br \/>\nBLZ:\u00a0\u00a0\u00a0\u00a0\u00a0 150 61 638<br \/>\nVolksbank\/Raiffeisenbank e.G. Greifswald<\/p>\n<p style=\"text-align: justify;\">Seit auch so nett und tut Berichterstatter \u00fcbers Ringen die positiv \u00fcber uns schreiben, gerade jetzt auch mal anschreiben und daf\u00fcr loben. Damit sie merken, dass die positive Berichterstattung bei uns gut ankommt. Zudem sammelt positive Berichte\/Erkl\u00e4rung von Leuten des \u00f6ffentlichen Lebens Sportler\/Politiker m\u00f6glichst mit Foto\/Logo und sendet es an den Ringerverband M-V. Wir wollen es b\u00fcndeln und an den DRB weitergeben.<\/p>\n<p style=\"text-align: justify;\">Danke f\u00fcrs Lesen.<br \/>\nUwe Bremer<\/p>\n<p><a href=\"http:\/\/www.ringen-mv.de\/wp-content\/uploads\/2013\/03\/Banner_5x1_page_001.jpg\"><img loading=\"lazy\" decoding=\"async\" class=\"alignleft size-full wp-image-1180\" src=\"http:\/\/www.ringen-mv.de\/wp-content\/uploads\/2013\/03\/Banner_5x1_page_001.jpg\" alt=\"\" width=\"640\" height=\"128\" srcset=\"https:\/\/www.ringen-mv.de\/wp-content\/uploads\/2013\/03\/Banner_5x1_page_001.jpg 640w, https:\/\/www.ringen-mv.de\/wp-content\/uploads\/2013\/03\/Banner_5x1_page_001-300x60.jpg 300w\" sizes=\"auto, (max-width: 640px) 100vw, 640px\" \/><\/a><\/p>\n","protected":false},"excerpt":{"rendered":"<p>Wir hatten mit dem DRB-Pr\u00e4sidium und allen Landespr\u00e4sidenten ein Treffen, wo es um die Erl\u00e4uterung zur Handhabung unserer Kampagne-Ringen um Olympia geht.<\/p>\n","protected":false},"author":2,"featured_media":0,"comment_status":"open","ping_status":"open","sticky":false,"template":"","format":"standard","meta":{"footnotes":""},"categories":[1],"tags":[],"class_list":["post-1163","post","type-post","status-publish","format-standard","hentry","category-allgemein"],"_links":{"self":[{"href":"https:\/\/www.ringen-mv.de\/index.php?rest_route=\/wp\/v2\/posts\/1163","targetHints":{"allow":["GET"]}}],"collection":[{"href":"https:\/\/www.ringen-mv.de\/index.php?rest_route=\/wp\/v2\/posts"}],"about":[{"href":"https:\/\/www.ringen-mv.de\/index.php?rest_route=\/wp\/v2\/types\/post"}],"author":[{"embeddable":true,"href":"https:\/\/www.ringen-mv.de\/index.php?rest_route=\/wp\/v2\/users\/2"}],"replies":[{"embeddable":true,"href":"https:\/\/www.ringen-mv.de\/index.php?rest_route=%2Fwp%2Fv2%2Fcomments&post=1163"}],"version-history":[{"count":14,"href":"https:\/\/www.ringen-mv.de\/index.php?rest_route=\/wp\/v2\/posts\/1163\/revisions"}],"predecessor-version":[{"id":1175,"href":"https:\/\/www.ringen-mv.de\/index.php?rest_route=\/wp\/v2\/posts\/1163\/revisions\/1175"}],"wp:attachment":[{"href":"https:\/\/www.ringen-mv.de\/index.php?rest_route=%2Fwp%2Fv2%2Fmedia&parent=1163"}],"wp:term":[{"taxonomy":"category","embeddable":true,"href":"https:\/\/www.ringen-mv.de\/index.php?rest_route=%2Fwp%2Fv2%2Fcategories&post=1163"},{"taxonomy":"post_tag","embeddable":true,"href":"https:\/\/www.ringen-mv.de\/index.php?rest_route=%2Fwp%2Fv2%2Ftags&post=1163"}],"curies":[{"name":"wp","href":"https:\/\/api.w.org\/{rel}","templated":true}]}}