{"id":1215,"date":"2013-03-12T11:05:54","date_gmt":"2013-03-12T09:05:54","guid":{"rendered":"http:\/\/www.sav-torgelow-ringen.de\/RV%20MV2\/wordpress_341-de\/wordpress\/?p=1215"},"modified":"2013-03-20T09:20:27","modified_gmt":"2013-03-20T07:20:27","slug":"solidaritat-des-landesturnverbandes-m-v","status":"publish","type":"post","link":"https:\/\/www.ringen-mv.de\/?p=1215","title":{"rendered":"Solidarit\u00e4t des Landesturnverbandes M-V"},"content":{"rendered":"<p style=\"text-align: justify\"><a href=\"http:\/\/www.ringen-mv.de\/wp-content\/uploads\/2013\/03\/Logo-LTV-MV1.jpg\"><img loading=\"lazy\" decoding=\"async\" class=\" wp-image-1216 alignleft\" src=\"http:\/\/www.ringen-mv.de\/wp-content\/uploads\/2013\/03\/Logo-LTV-MV1.jpg\" alt=\"\" width=\"255\" height=\"107\" srcset=\"https:\/\/www.ringen-mv.de\/wp-content\/uploads\/2013\/03\/Logo-LTV-MV1.jpg 640w, https:\/\/www.ringen-mv.de\/wp-content\/uploads\/2013\/03\/Logo-LTV-MV1-300x125.jpg 300w\" sizes=\"auto, (max-width: 255px) 100vw, 255px\" \/><\/a><\/p>\n<p style=\"text-align: justify\">\u201eAuch mich hat die Entscheidung der IOC-Exekutive \u00fcberrascht.\u201c<\/p>\n<p><strong>Dr. Christian Frenzel Pr\u00e4sident des Landesturnverbandes M-V<\/strong><\/p>\n<p style=\"text-align: justify\">\u201eIch hoffe, dass unsere Solidarit\u00e4t die richtigen Personen erreicht und Ringen wie schon seit Beginn der Spiele zum olympischen Programm geh\u00f6rt.\u201c<\/p>\n<p style=\"text-align: justify\"><!--more--><\/p>\n<address>Kati Brenner<br \/>\nGesch\u00e4ftsf\u00fchrerin Landesturnverband MV<\/address>\n<address>\u00a0<\/address>\n<address><span style=\"font-family: arial,helvetica,sans-serif\"><span style=\"font-size: small\">Liebe Sportfreunde,<\/span><\/span><br \/>\n<span style=\"font-family: arial,helvetica,sans-serif\"><span style=\"font-size: small\">das olympische Programm sollte nicht jedem Modetrend gehorchen und nur auf Einschaltquoten oder &#8222;gef\u00e4llt mir&#8220;-Buttons schauen. Ich w\u00fcnsche mir ein abwechslungsreiches Programm, zu dem insbesondere die traditionellen Sportarten wie Turnen, Schwimmen, Leichtathletik und eben auch Ringen geh\u00f6ren. Von den internationalen Funktion\u00e4ren erwarte ich, dass sie auf der IOC-Vollversammlung die Signale der Sportbewegung erh\u00f6ren und den Vorschlag der Exekutive ablehnen. Ich bin gespannt, was die historisch einmalige Koalition aus USA, Russland und Iran bewirken kann.\u00a0 <\/span><\/span><\/address>\n<address>\u00a0<\/address>\n<address><span style=\"font-family: arial,helvetica,sans-serif\"><span style=\"font-size: small\">Dr. Christian Frenzel<\/span><\/span><\/address>\n<address><span style=\"font-family: arial,helvetica,sans-serif\"><span style=\"font-size: small\">Pr\u00e4sident des Landesturnverbandes Mecklenburg-Vorpommern e.V. <\/span><\/span><\/address>\n<address><span style=\"font-family: arial,helvetica,sans-serif\"><span style=\"font-size: small\">und Besucher der Olympischen Sommerspiele in London<\/span><\/span><\/address>\n<address>\u00a0<\/address>\n<address><a title=\"http:\/\/www.landesturnverband-mv.de\/portal\/\" href=\"http:\/\/www.landesturnverband-mv.de\/portal\/\" target=\"_blank\">http:\/\/www.landesturnverband-mv.de\/portal\/<\/a><\/address>\n<address>\u00a0<\/address>\n<p><a href=\"http:\/\/www.ringen-mv.de\/wp-content\/uploads\/2013\/03\/Olympia-London-2012.jpg\"><img loading=\"lazy\" decoding=\"async\" class=\"alignleft  wp-image-1217\" src=\"http:\/\/www.ringen-mv.de\/wp-content\/uploads\/2013\/03\/Olympia-London-2012.jpg\" alt=\"\" width=\"462\" height=\"403\" srcset=\"https:\/\/www.ringen-mv.de\/wp-content\/uploads\/2013\/03\/Olympia-London-2012.jpg 2139w, https:\/\/www.ringen-mv.de\/wp-content\/uploads\/2013\/03\/Olympia-London-2012-300x261.jpg 300w, https:\/\/www.ringen-mv.de\/wp-content\/uploads\/2013\/03\/Olympia-London-2012-1024x893.jpg 1024w\" sizes=\"auto, (max-width: 462px) 100vw, 462px\" \/><\/a><\/p>\n","protected":false},"excerpt":{"rendered":"<p>\u201eAuch mich hat die Entscheidung der IOC-Exekutive \u00fcberrascht.\u201c Dr. Christian Frenzel Pr\u00e4sident des Landesturnverbandes M-V \u201eIch hoffe, dass unsere Solidarit\u00e4t die richtigen Personen erreicht und Ringen wie schon seit Beginn der Spiele zum olympischen Programm geh\u00f6rt.\u201c<\/p>\n","protected":false},"author":2,"featured_media":0,"comment_status":"open","ping_status":"open","sticky":false,"template":"","format":"standard","meta":{"footnotes":""},"categories":[1],"tags":[],"class_list":["post-1215","post","type-post","status-publish","format-standard","hentry","category-allgemein"],"_links":{"self":[{"href":"https:\/\/www.ringen-mv.de\/index.php?rest_route=\/wp\/v2\/posts\/1215","targetHints":{"allow":["GET"]}}],"collection":[{"href":"https:\/\/www.ringen-mv.de\/index.php?rest_route=\/wp\/v2\/posts"}],"about":[{"href":"https:\/\/www.ringen-mv.de\/index.php?rest_route=\/wp\/v2\/types\/post"}],"author":[{"embeddable":true,"href":"https:\/\/www.ringen-mv.de\/index.php?rest_route=\/wp\/v2\/users\/2"}],"replies":[{"embeddable":true,"href":"https:\/\/www.ringen-mv.de\/index.php?rest_route=%2Fwp%2Fv2%2Fcomments&post=1215"}],"version-history":[{"count":12,"href":"https:\/\/www.ringen-mv.de\/index.php?rest_route=\/wp\/v2\/posts\/1215\/revisions"}],"predecessor-version":[{"id":1223,"href":"https:\/\/www.ringen-mv.de\/index.php?rest_route=\/wp\/v2\/posts\/1215\/revisions\/1223"}],"wp:attachment":[{"href":"https:\/\/www.ringen-mv.de\/index.php?rest_route=%2Fwp%2Fv2%2Fmedia&parent=1215"}],"wp:term":[{"taxonomy":"category","embeddable":true,"href":"https:\/\/www.ringen-mv.de\/index.php?rest_route=%2Fwp%2Fv2%2Fcategories&post=1215"},{"taxonomy":"post_tag","embeddable":true,"href":"https:\/\/www.ringen-mv.de\/index.php?rest_route=%2Fwp%2Fv2%2Ftags&post=1215"}],"curies":[{"name":"wp","href":"https:\/\/api.w.org\/{rel}","templated":true}]}}