{"id":1277,"date":"2013-03-19T12:08:11","date_gmt":"2013-03-19T10:08:11","guid":{"rendered":"http:\/\/www.sav-torgelow-ringen.de\/RV%20MV2\/wordpress_341-de\/wordpress\/?p=1277"},"modified":"2013-03-19T12:33:07","modified_gmt":"2013-03-19T10:33:07","slug":"steffi-blohm-wird-dm-vierte-katrin-henke-mit-silber-in-riga","status":"publish","type":"post","link":"https:\/\/www.ringen-mv.de\/?p=1277","title":{"rendered":"Steffi Blohm wird DM Vierte, Katrin Henke mit Silber in Riga"},"content":{"rendered":"<p><a href=\"http:\/\/www.ringen-mv.de\/wp-content\/uploads\/2013\/03\/Steffi_Blohm.jpg\"><img loading=\"lazy\" decoding=\"async\" class=\"alignleft  wp-image-1285\" title=\"OLYMPUS DIGITAL CAMERA\" src=\"http:\/\/www.ringen-mv.de\/wp-content\/uploads\/2013\/03\/Steffi_Blohm.jpg\" alt=\"\" width=\"145\" height=\"199\" srcset=\"https:\/\/www.ringen-mv.de\/wp-content\/uploads\/2013\/03\/Steffi_Blohm.jpg 350w, https:\/\/www.ringen-mv.de\/wp-content\/uploads\/2013\/03\/Steffi_Blohm-218x300.jpg 218w\" sizes=\"auto, (max-width: 145px) 100vw, 145px\" \/><\/a><\/p>\n<p style=\"text-align: justify;\">Zu den Deutschen Meisterschaften der weiblichen Jugend ging es f\u00fcr Anastasia G\u00fcnther (SAV Torgelow\/43 kg) und Steffi Blohm (Demminer RV\/70 kg) bis nach Heusweiler (Saarland) um die neuen Titeltr\u00e4ger zu ermitteln. Hier unweit von Saarbr\u00fccken gingen \u00fcber 100 junge Damen aus 13 Landesverb\u00e4nden zum K\u00e4mpfen auf die Matte.<\/p>\n<p style=\"text-align: justify;\"><!--more-->Anastasia G\u00fcnther war eine der j\u00fcngsten Starterinnen und sollte erst einmal Erfahrungen sammeln. Zun\u00e4chst verlor sie gegen die sp\u00e4tere Meisterin Annika Wendle (S\u00fcdbaden) erzielte dann aber gegen die sp\u00e4tere Bronzemedaillengewinnerin Janny Sommermeyer (Berlin) die entscheidende Wertung die zum Kampf um den 5.Platz berechtigte. Mit einer Schulterniederlage in diesem Duell gegen Nadine Schweter (W\u00fcrttemberg) beendete sie ihre erste DM-Teilnahme auf den sechsten Platz.<\/p>\n<p style=\"text-align: justify;\">Einen sechsten Platz erzielte Steffi Blohm zur DM 2012, diesmal sollte es besser werden. Der Auftaktniederlage gegen Anne Sch\u00f6neck (Luckenwalde) folgte der wichtige Sieg \u00fcber Anne Kr\u00fcger (Frankfurt\/Oder), der zum Einzug um den Kampf f\u00fcr die Bronzemedaille berechtigte. Im Kampf um Edelmetall konnte sie leider nicht ihre Qualit\u00e4ten zeigen und unterlag Theresa Edfelder (Bayern) in Runde 2 auf Schultern. Aber immerhin bei ihrer zweiten DM dann die Verbesserung auf Platz 4 ihrer Kategorie, auch sie hat ja noch einige Jugendjahre vor sich.<\/p>\n<p style=\"text-align: justify;\">Etwas besser lief es da dann f\u00fcr die Juniorin Katrin Henke (SAV Torgelow\/48 kg) beim internationalen Turnier in Riga. Zusammen mit der Nationalmannschaft nutzte sie hier die M\u00f6glichkeit um sich eventuell damit f\u00fcr die internationalen Titelk\u00e4mpfe zu empfehlen. Im Jahr 2011 gewann die Ueckerst\u00e4dterin ja bereits schon einmal Bronze im Kadettenbereich. Sie zeigte eine super Leistung, mit Siegen \u00fcber Kislova (LAT) und Nurakhan (KAZ) k\u00e4mpfte sie sich ins Finale, wo sie gegen Sabatie (FRA) unterlag und Silber gewann.<\/p>\n<p style=\"text-align: justify;\">In der Nationenwertung kam Deutschland nach dem Gewinn weiterer Medaillen auf den dritten Platz.<\/p>\n<p style=\"text-align: justify;\">Am kommenden Wochenende sind jetzt die Jungs im Jugend B-Bereich dran. Bei den Titelk\u00e4mpfen der 13\/14-j\u00e4hrigen Nachwuchsathleten werden f\u00fcr den Ringerverband Mecklenburg-Vorpommern vier Sportler im freien Stil in H\u00f6sbach (Hessen) antreten und bei den \u201eKlassikern\u201c wollen sechs K\u00e4mpfer in Dortmund (NRW) versuchen, bei den Duellen ums Edelmetall ein W\u00f6rtchen mitzureden.<\/p>\n<ul>\n<li><a href=\"http:\/\/www.demminer-ringerverein.de\/news\/jahresuebersicht\/detailansicht\/artikle\/vierter-platz-fuer-steffi-blohm-bei-den-deutschen-meisterschaften-der-weiblichen-jugend.html?tx_ttnews[backPid]=3&amp;cHash=2bfdfda6c07ddf9a9a412c83879c85ee\" target=\"_blank\">Bericht Demminer RV<\/a><\/li>\n<\/ul>\n<p>Uwe Bremer<\/p>\n","protected":false},"excerpt":{"rendered":"<p>Zu den Deutschen Meisterschaften der weiblichen Jugend ging es f\u00fcr Anastasia G\u00fcnther (SAV Torgelow\/43 kg) und Steffi Blohm (Demminer RV\/70 kg) bis nach Heusweiler (Saarland) um die neuen Titeltr\u00e4ger zu ermitteln. Hier unweit von Saarbr\u00fccken gingen \u00fcber 100 junge Damen aus 13 Landesverb\u00e4nden zum K\u00e4mpfen auf die Matte.<\/p>\n","protected":false},"author":2,"featured_media":0,"comment_status":"open","ping_status":"open","sticky":false,"template":"","format":"standard","meta":{"footnotes":""},"categories":[1,11,8],"tags":[],"class_list":["post-1277","post","type-post","status-publish","format-standard","hentry","category-allgemein","category-demmin","category-torgelow"],"_links":{"self":[{"href":"https:\/\/www.ringen-mv.de\/index.php?rest_route=\/wp\/v2\/posts\/1277","targetHints":{"allow":["GET"]}}],"collection":[{"href":"https:\/\/www.ringen-mv.de\/index.php?rest_route=\/wp\/v2\/posts"}],"about":[{"href":"https:\/\/www.ringen-mv.de\/index.php?rest_route=\/wp\/v2\/types\/post"}],"author":[{"embeddable":true,"href":"https:\/\/www.ringen-mv.de\/index.php?rest_route=\/wp\/v2\/users\/2"}],"replies":[{"embeddable":true,"href":"https:\/\/www.ringen-mv.de\/index.php?rest_route=%2Fwp%2Fv2%2Fcomments&post=1277"}],"version-history":[{"count":8,"href":"https:\/\/www.ringen-mv.de\/index.php?rest_route=\/wp\/v2\/posts\/1277\/revisions"}],"predecessor-version":[{"id":1291,"href":"https:\/\/www.ringen-mv.de\/index.php?rest_route=\/wp\/v2\/posts\/1277\/revisions\/1291"}],"wp:attachment":[{"href":"https:\/\/www.ringen-mv.de\/index.php?rest_route=%2Fwp%2Fv2%2Fmedia&parent=1277"}],"wp:term":[{"taxonomy":"category","embeddable":true,"href":"https:\/\/www.ringen-mv.de\/index.php?rest_route=%2Fwp%2Fv2%2Fcategories&post=1277"},{"taxonomy":"post_tag","embeddable":true,"href":"https:\/\/www.ringen-mv.de\/index.php?rest_route=%2Fwp%2Fv2%2Ftags&post=1277"}],"curies":[{"name":"wp","href":"https:\/\/api.w.org\/{rel}","templated":true}]}}