{"id":1446,"date":"2013-04-18T16:28:35","date_gmt":"2013-04-18T14:28:35","guid":{"rendered":"http:\/\/www.sav-torgelow-ringen.de\/RV%20MV2\/wordpress_341-de\/wordpress\/?p=1446"},"modified":"2013-04-20T14:00:14","modified_gmt":"2013-04-20T12:00:14","slug":"ringer-aus-der-griesen-gegend-debutieren-in-der-2-bundesliga","status":"publish","type":"post","link":"https:\/\/www.ringen-mv.de\/?p=1446","title":{"rendered":"Ringer aus der Griesen Gegend deb\u00fctieren in der 2. Bundesliga"},"content":{"rendered":"<p style=\"text-align: justify;\"><a href=\"http:\/\/www.ringen-mv.de\/wp-content\/uploads\/2013\/02\/logosmall.png\"><img loading=\"lazy\" decoding=\"async\" class=\"alignleft  wp-image-1153\" title=\"logo RV L\u00fcbtheen\" src=\"http:\/\/www.ringen-mv.de\/wp-content\/uploads\/2013\/02\/logosmall.png\" alt=\"\" width=\"149\" height=\"149\" \/><\/a>Auf der Mitgliederversammlung im Februar konnten die Mitglieder des RV L\u00fcbtheen auf ein ereignisreiches und erfolgreiches Jahr 2012 zur\u00fcckblicken.<br \/>\nIm Kinder- &amp; Jugendbereich erreichten unsere Nachwuchsringer auf Turnieren in ganz Deutschland die R\u00e4nge auf die Siegerpodeste und brachten zahlreiche Medaillen mit nach Hause. Gekr\u00f6nt wurden diese Leistungen durch die Teilnahme an dem Mannschaftswettbewerb der Jugendliga Berlin-Brandenburg. Hier gelang es \u00a0die Ringer vom Luckenwalder Sportclub zu besiegen und damit die Bronzemedaille zu gewinnen.<\/p>\n<p style=\"text-align: justify;\"><!--more--><\/p>\n<p style=\"text-align: justify;\">Die M\u00e4nnermannschaft startete erneut in der Regionalliga Mitteldeutschland und sorgte hier f\u00fcr reichlich Furore. Mit nur drei Begegnungen, die man nicht f\u00fcr sich entscheiden konnte,\u00a0 sicherten sich die L\u00fcbtheener Ringer den 1. Platz und somit die Startberechtigung f\u00fcr die 2. Bundesliga. Besonders die K\u00e4mpfe vor einer spitzenm\u00e4\u00dfigen Heimkulisse waren immer ein Highlight.<\/p>\n<p style=\"text-align: justify;\"><a href=\"http:\/\/www.ringen-luebtheen.de\/?p=1546\" target=\"_blank\">&gt;&gt; weiterlesen<\/a><\/p>\n","protected":false},"excerpt":{"rendered":"<p>Auf der Mitgliederversammlung im Februar konnten die Mitglieder des RV L\u00fcbtheen auf ein ereignisreiches und erfolgreiches Jahr 2012 zur\u00fcckblicken. Im Kinder- &amp; Jugendbereich erreichten unsere Nachwuchsringer auf Turnieren in ganz Deutschland die R\u00e4nge auf die Siegerpodeste und brachten zahlreiche Medaillen mit nach Hause. Gekr\u00f6nt wurden diese Leistungen durch<\/p>\n","protected":false},"author":1,"featured_media":0,"comment_status":"open","ping_status":"open","sticky":false,"template":"","format":"standard","meta":{"footnotes":""},"categories":[4],"tags":[],"class_list":["post-1446","post","type-post","status-publish","format-standard","hentry","category-lubtheen"],"_links":{"self":[{"href":"https:\/\/www.ringen-mv.de\/index.php?rest_route=\/wp\/v2\/posts\/1446","targetHints":{"allow":["GET"]}}],"collection":[{"href":"https:\/\/www.ringen-mv.de\/index.php?rest_route=\/wp\/v2\/posts"}],"about":[{"href":"https:\/\/www.ringen-mv.de\/index.php?rest_route=\/wp\/v2\/types\/post"}],"author":[{"embeddable":true,"href":"https:\/\/www.ringen-mv.de\/index.php?rest_route=\/wp\/v2\/users\/1"}],"replies":[{"embeddable":true,"href":"https:\/\/www.ringen-mv.de\/index.php?rest_route=%2Fwp%2Fv2%2Fcomments&post=1446"}],"version-history":[{"count":4,"href":"https:\/\/www.ringen-mv.de\/index.php?rest_route=\/wp\/v2\/posts\/1446\/revisions"}],"predecessor-version":[{"id":1449,"href":"https:\/\/www.ringen-mv.de\/index.php?rest_route=\/wp\/v2\/posts\/1446\/revisions\/1449"}],"wp:attachment":[{"href":"https:\/\/www.ringen-mv.de\/index.php?rest_route=%2Fwp%2Fv2%2Fmedia&parent=1446"}],"wp:term":[{"taxonomy":"category","embeddable":true,"href":"https:\/\/www.ringen-mv.de\/index.php?rest_route=%2Fwp%2Fv2%2Fcategories&post=1446"},{"taxonomy":"post_tag","embeddable":true,"href":"https:\/\/www.ringen-mv.de\/index.php?rest_route=%2Fwp%2Fv2%2Ftags&post=1446"}],"curies":[{"name":"wp","href":"https:\/\/api.w.org\/{rel}","templated":true}]}}