{"id":1471,"date":"2013-04-23T15:53:39","date_gmt":"2013-04-23T13:53:39","guid":{"rendered":"http:\/\/www.sav-torgelow-ringen.de\/RV%20MV2\/wordpress_341-de\/wordpress\/?p=1471"},"modified":"2013-04-23T16:55:52","modified_gmt":"2013-04-23T14:55:52","slug":"entscheidende-phase-fur-ringer-im-kampf-um-olympia-2","status":"publish","type":"post","link":"https:\/\/www.ringen-mv.de\/?p=1471","title":{"rendered":"Entscheidende Phase f\u00fcr Ringer im Kampf um Olympia"},"content":{"rendered":"<p style=\"text-align: justify;\"><em><strong><a href=\"http:\/\/www.ringen-mv.de\/wp-content\/uploads\/2013\/03\/rumo3.png\"><img loading=\"lazy\" decoding=\"async\" class=\"alignleft  wp-image-1161\" title=\"rumo3\" src=\"http:\/\/www.ringen-mv.de\/wp-content\/uploads\/2013\/03\/rumo3.png\" alt=\"\" width=\"150\" height=\"100\" \/><\/a>Ringer k\u00e4mpfen vehement um ihre Sportart<\/strong><\/em><br \/>\n<em><strong> Politiker stellen sich hinter die Mattenf\u00fcchse<\/strong><\/em><\/p>\n<p style=\"text-align: justify;\">Nachdem \u00a0im Februar die IOC-Exekutive in Lausanne (Schweiz) empfahl, die Kampfsportart Ringen aus dem olympischen Programm zu streichen, ging eine Welle der Entr\u00fcstung um den gesamten Globus, denn Ringen geh\u00f6rt zu den \u201aUrsportarten\u2018 der olympischen Idee.<\/p>\n<p><!--more--><\/p>\n<p style=\"text-align: justify;\">Doch die Ringer belie\u00dfen es nicht bei der Kritik an dieser Entscheidung selbst, sondern gingen in die Offensive \u00fcber. Nach einem Mi\u00dftrauensvotum musste der Pr\u00e4sident des Weltverbandes FILA Raphael Martinetti (Schweiz) seinen Stuhl r\u00e4umen. Der kommissarisch eingesetzte Nenad Lalovic mobilisierte inzwischen alle Kr\u00e4fte, angefangen von Regel\u00e4nderungen, \u00fcber Aktionen, die bei den Medien, aber auch in einer breiten<br \/>\n\u00d6ffentlichkeit f\u00fcr Ringen als olympische Sportart werben. F\u00fcr den 18. Mai wurden beim Weltverband Neuwahlen angesetzt, Tagungsort der FILA wird Moskau (RUS) sein.<\/p>\n<p style=\"text-align: justify;\">In nahezu allen 177 Mitgliedsstaaten der FILA gibt es Bekundungen pro Ringen. Selbst politische Allianzen wurden gebildet, die USA, Russland und der Iran ziehen an dieser Stelle am gleichen Strang, L\u00e4nder die<br \/>\nsonst eher politische Giftpfeile aufeinander abschie\u00dfen. Nach dem Weltcup der M\u00e4nner vor \u00fcber 20.000 Zuschauern in Teheran, steht nun ein L\u00e4nderkampf zwischen den USA und dem Iran in den Vereinigten Staaten an.<\/p>\n<p style=\"text-align: justify;\">Auch bei den Europameisterschaften, vom 17.-24.3. in Tiblissi (Georgien) waren die bis zu 10.000 Zuschauer kaum zu \u00fcberh\u00f6ren, w\u00e4hrend am Rand der Titelk\u00e4mpfe Unterschriftenaktionen gestartet wurden und hochrangige Funktion\u00e4re und Politiker vom IOC forderten, die Empfehlung Ringen aus dem olympischen Programm zu nehmen, zu widerrufen.<\/p>\n<p style=\"text-align: justify;\">Das k\u00f6nnte schon Ende Mai geschehen, wenn die IOC-Exekutive erneut ber\u00e4t. Im russischen St. Petersburg k\u00f6nnen sich neben Ringen noch sieben weitere Sportarten um den einen, freien Platz unter den 25 Kernsportarten bewerben. Der Ringer-Weltverband FILA erkl\u00e4rte den Mai zum Aktionsmonat, rings um den Globus sollen Aktionen gestartet werden die zeigen, dass die \u00e4lteste Sportart der Welt lebt. In Tiblisi erfolgten auch erste Regel\u00e4nderungen, die schon in der georgischen Hauptstadt dazu f\u00fchrten, das weitaus mehr Angriffsfreude in den K\u00e4mpfen der Ringer steckte, als \u00a0zuletzt.<\/p>\n<p style=\"text-align: justify;\">Auch in Deutschland starteten die Ringer zahlreiche Aktionen. Eine Unterschriiftensammlung brachte knapp 100.000 Bekundungen, Ringen im olympischen Programm zu belassen. \u00a0Auch bei den laufenden, Deutschen<br \/>\nMeisterschaften stellten sich Politiker und selbst Funktion\u00e4re aus anderen Sportarten hinter die Mattenf\u00fcchse. Die Welle der Verbundenheit erreichte selbst die Regierungsspitzen, Finanzminister Wolfgang Sch\u00e4uble, in Jugendjahren einst selbst Ringk\u00e4mpfer, sendete einen offenen Brief an den Vizepr\u00e4sidenten des IOC Dr. Thomas Bach, der zugleich dem DOSB als Pr\u00e4sident vorsteht, sich f\u00fcr die Ringer stark zu machen. Und selbst der Bundes-Innenminister Friedrich erkl\u00e4rte gegen\u00fcber Bach seine Verbundenheit zum Ringkampfsport. Auch der Deutsche Ringer- Bund wurde aktiv, b\u00fcndelte und koordinierte die vielf\u00e4ltigen Aktionen in Deutschland, tausende Flyer wurden gedruckt und verteilt. F\u00fcr den 24. April wurde der Pr\u00e4sident des Deutschen Ringer- Bundes Manfred Werner zum Sportausschuss des Deutschen Bundestages nach Berlin eingeladen, wo Ringen als Tagesordnungspunkt ins Tagungsprotokoll aufgenommen wurde.<\/p>\n<p style=\"text-align: justify;\">Derweilen b\u00fcndeln die Ringer auch auf den Matten noch einmal die Kr\u00e4fte, bei zahlreichen nationalen- und internationalen Wettk\u00e4mpfen zeigen die Athleten Flagge und k\u00e4mpfen um ihre Sportart, die zu den Wurzeln der<br \/>\nolympischen Idee geh\u00f6rt.<\/p>\n<p style=\"text-align: justify;\">J\u00f6rg Richter<\/p>\n","protected":false},"excerpt":{"rendered":"<p>Ringer k\u00e4mpfen vehement um ihre Sportart Politiker stellen sich hinter die Mattenf\u00fcchse Nachdem \u00a0im Februar die IOC-Exekutive in Lausanne (Schweiz) empfahl, die Kampfsportart Ringen aus dem olympischen Programm zu streichen, ging eine Welle der Entr\u00fcstung um den gesamten Globus, denn Ringen geh\u00f6rt zu den \u201aUrsportarten\u2018 der olympischen Idee.<\/p>\n","protected":false},"author":1,"featured_media":0,"comment_status":"open","ping_status":"open","sticky":false,"template":"","format":"standard","meta":{"footnotes":""},"categories":[1],"tags":[],"class_list":["post-1471","post","type-post","status-publish","format-standard","hentry","category-allgemein"],"_links":{"self":[{"href":"https:\/\/www.ringen-mv.de\/index.php?rest_route=\/wp\/v2\/posts\/1471","targetHints":{"allow":["GET"]}}],"collection":[{"href":"https:\/\/www.ringen-mv.de\/index.php?rest_route=\/wp\/v2\/posts"}],"about":[{"href":"https:\/\/www.ringen-mv.de\/index.php?rest_route=\/wp\/v2\/types\/post"}],"author":[{"embeddable":true,"href":"https:\/\/www.ringen-mv.de\/index.php?rest_route=\/wp\/v2\/users\/1"}],"replies":[{"embeddable":true,"href":"https:\/\/www.ringen-mv.de\/index.php?rest_route=%2Fwp%2Fv2%2Fcomments&post=1471"}],"version-history":[{"count":7,"href":"https:\/\/www.ringen-mv.de\/index.php?rest_route=\/wp\/v2\/posts\/1471\/revisions"}],"predecessor-version":[{"id":1475,"href":"https:\/\/www.ringen-mv.de\/index.php?rest_route=\/wp\/v2\/posts\/1471\/revisions\/1475"}],"wp:attachment":[{"href":"https:\/\/www.ringen-mv.de\/index.php?rest_route=%2Fwp%2Fv2%2Fmedia&parent=1471"}],"wp:term":[{"taxonomy":"category","embeddable":true,"href":"https:\/\/www.ringen-mv.de\/index.php?rest_route=%2Fwp%2Fv2%2Fcategories&post=1471"},{"taxonomy":"post_tag","embeddable":true,"href":"https:\/\/www.ringen-mv.de\/index.php?rest_route=%2Fwp%2Fv2%2Ftags&post=1471"}],"curies":[{"name":"wp","href":"https:\/\/api.w.org\/{rel}","templated":true}]}}