{"id":1557,"date":"2013-05-02T11:34:03","date_gmt":"2013-05-02T09:34:03","guid":{"rendered":"http:\/\/www.sav-torgelow-ringen.de\/RV%20MV2\/wordpress_341-de\/wordpress\/?p=1557"},"modified":"2013-05-07T14:26:44","modified_gmt":"2013-05-07T12:26:44","slug":"torgelower-ringer-gegen-olympia-aus","status":"publish","type":"post","link":"https:\/\/www.ringen-mv.de\/?p=1557","title":{"rendered":"Torgelower Ringer gegen Olympia-Aus"},"content":{"rendered":"<p style=\"text-align: justify\"><a href=\"http:\/\/www.ringen-mv.de\/wp-content\/uploads\/2013\/05\/Ringen-01.jpg\"><img loading=\"lazy\" decoding=\"async\" class=\"alignleft size-medium wp-image-1636\" src=\"http:\/\/www.ringen-mv.de\/wp-content\/uploads\/2013\/05\/Ringen-01-300x216.jpg\" alt=\"\" width=\"300\" height=\"216\" srcset=\"https:\/\/www.ringen-mv.de\/wp-content\/uploads\/2013\/05\/Ringen-01-300x216.jpg 300w, https:\/\/www.ringen-mv.de\/wp-content\/uploads\/2013\/05\/Ringen-01.jpg 1024w\" sizes=\"auto, (max-width: 300px) 100vw, 300px\" \/><\/a>Die Ringerszene ist im Moment sehr um ihre Sportart besorgt, da der IOC\u00a0 angedacht hat diese \u201ealte\u201c Sportart aus dem Olympiaprogramm zu streichen. Weltweit laufen viele Protestaktionen und man sammelt Stimmen zum Erhalt dieser Kampfsportart. Auch in Mecklenburg-Vorpommern gab es erste Aktionen um die Kompanie des Deutschen Ringer Bundes (DRB) zu unterst\u00fctzen. Unter <a href=\"http:\/\/www.ringen-um-olympia.de\/\" target=\"_blank\">www.ringen-um-olympia.de<\/a> werden viele Aktionen vorgestellt und auch \u00fcber aktuelle Themen der Kampagne berichtet. Bei sch\u00f6nstem Maiwetter warben die Ringer des SAV Torgelow in ihrer Heimatstadt um die Unterst\u00fctzung ihrer Mitbewohner.<\/p>\n<p style=\"text-align: justify\"><!--more-->Am 1.Mai, bei einer Unterschriftenaktion am Rande einer Trainingspr\u00e4sentation, gab es spontan mehrere hundert Unterschriften f\u00fcr eine moralische Hilfe der Ringer im Kampf um Erhalt ihrer Sportart bei Olympia nach 2016. Neben dem Stadtoberhaupt, B\u00fcrgermeister Ralf Gottschalk sprachen sich zahlreiche Kommunal- und Landespolitiker f\u00fcr eine Unterst\u00fctzung der Sportart aus. Eine gelungene kleine Veranstaltung an der Uecker bei sch\u00f6nstem Sonnenschein, zudem \u00fcberzeugten sich viele Spazierg\u00e4nger von dem tollen K\u00f6nnen des Ringernachwuchses die ihre Sportart bei vielen verschiedenen \u00dcbungen zu Schau stellten.<\/p>\n<p><a href=\"https:\/\/picasaweb.google.com\/105882088140256014177\/Ringen2013TrainingsvorfuhrungInTorgelowAm01Mai#\" target=\"_blank\">Bilder von der Trainingspr\u00e4sentation\u00a0<\/a><\/p>\n<p>&nbsp;<\/p>\n<p>Uwe Bremer<\/p>\n","protected":false},"excerpt":{"rendered":"<p>Die Ringerszene ist im Moment sehr um ihre Sportart besorgt, da der IOC\u00a0 angedacht hat diese \u201ealte\u201c Sportart aus dem Olympiaprogramm zu streichen. Weltweit laufen viele Protestaktionen und man sammelt Stimmen zum Erhalt dieser Kampfsportart. Auch in Mecklenburg-Vorpommern gab es erste Aktionen um die Kompanie des Deutschen Ringer<\/p>\n","protected":false},"author":2,"featured_media":0,"comment_status":"open","ping_status":"open","sticky":false,"template":"","format":"standard","meta":{"footnotes":""},"categories":[1],"tags":[],"class_list":["post-1557","post","type-post","status-publish","format-standard","hentry","category-allgemein"],"_links":{"self":[{"href":"https:\/\/www.ringen-mv.de\/index.php?rest_route=\/wp\/v2\/posts\/1557","targetHints":{"allow":["GET"]}}],"collection":[{"href":"https:\/\/www.ringen-mv.de\/index.php?rest_route=\/wp\/v2\/posts"}],"about":[{"href":"https:\/\/www.ringen-mv.de\/index.php?rest_route=\/wp\/v2\/types\/post"}],"author":[{"embeddable":true,"href":"https:\/\/www.ringen-mv.de\/index.php?rest_route=\/wp\/v2\/users\/2"}],"replies":[{"embeddable":true,"href":"https:\/\/www.ringen-mv.de\/index.php?rest_route=%2Fwp%2Fv2%2Fcomments&post=1557"}],"version-history":[{"count":11,"href":"https:\/\/www.ringen-mv.de\/index.php?rest_route=\/wp\/v2\/posts\/1557\/revisions"}],"predecessor-version":[{"id":1560,"href":"https:\/\/www.ringen-mv.de\/index.php?rest_route=\/wp\/v2\/posts\/1557\/revisions\/1560"}],"wp:attachment":[{"href":"https:\/\/www.ringen-mv.de\/index.php?rest_route=%2Fwp%2Fv2%2Fmedia&parent=1557"}],"wp:term":[{"taxonomy":"category","embeddable":true,"href":"https:\/\/www.ringen-mv.de\/index.php?rest_route=%2Fwp%2Fv2%2Fcategories&post=1557"},{"taxonomy":"post_tag","embeddable":true,"href":"https:\/\/www.ringen-mv.de\/index.php?rest_route=%2Fwp%2Fv2%2Ftags&post=1557"}],"curies":[{"name":"wp","href":"https:\/\/api.w.org\/{rel}","templated":true}]}}