{"id":1646,"date":"2013-05-16T11:22:52","date_gmt":"2013-05-16T09:22:52","guid":{"rendered":"http:\/\/www.sav-torgelow-ringen.de\/RV%20MV2\/wordpress_341-de\/wordpress\/?p=1646"},"modified":"2013-05-16T12:05:52","modified_gmt":"2013-05-16T10:05:52","slug":"sebastian-nehls-erringt-den-ii-platz-beim-brandenburg-cup-2013","status":"publish","type":"post","link":"https:\/\/www.ringen-mv.de\/?p=1646","title":{"rendered":"Sebastian Nehls erringt den II. Platz beim Brandenburg CUP 2013"},"content":{"rendered":"<div id=\"attachment_1085\" style=\"width: 160px\" class=\"wp-caption alignleft\"><a href=\"http:\/\/www.ringen-mv.de\/wp-content\/uploads\/2013\/02\/Sebastian-Nehls.jpg\"><img loading=\"lazy\" decoding=\"async\" aria-describedby=\"caption-attachment-1085\" class=\"size-thumbnail wp-image-1085\" src=\"http:\/\/www.ringen-mv.de\/wp-content\/uploads\/2013\/02\/Sebastian-Nehls-150x150.jpg\" alt=\"\" width=\"150\" height=\"150\" \/><\/a><p id=\"caption-attachment-1085\" class=\"wp-caption-text\">Sebastian Nehls<\/p><\/div>\n<p style=\"text-align: justify;\">Vom 03. bis zum 04.05.2013 fand in Luckenwalde der Brandenburg Cup 2013 statt. Es handelt sich hierbei um ein renommiertes Internationales FILA \u2013 Turnier f\u00fcr Kadetten im Freien Ringkampf. Es waren 151 Teilnehmer aus 45 Vereinen bzw. Verb\u00e4nden am Start. Diese kamen aus Bulgarien, Frankreich, Finnland, Litauen, \u00d6sterreich, Polen, Russland, Slowakei, Tschechien, Ukraine und Ungarn.<br \/>\nIn diesem Jahr wurde auch Sebastian aufgrund seiner guten Leistungen bei den diesj\u00e4hrigen deutschen Meisterschaften der A \u2013 Jugend, wo er bekanntlich die Bronzemedaille erk\u00e4mpfte, f\u00fcr dieses Turnier nominiert. Sebastian k\u00e4mpfte in der Gewichtsklasse bis 63 Kg, was ihm sicherlich einiges an Entbehrungen beim Abtrainieren abverlangt hat.<\/p>\n<p style=\"text-align: justify;\"><!--more--><br \/>\nBis zu seinem wunderbaren Endergebnis erk\u00e4mpfte er in der mit 20 Teilnehmern sehr stark besetzten Gewichtsklasse 4 Siege bis zum Finale.<br \/>\nDabei bezwang er neben Gegnern aus der Slowakei, Frankreich und Bulgarien auch den amtierenden Deutschen A \u2013 Jugend &#8211; Meister in dieser Gewichtsklasse, Marius Quinto.<br \/>\nIm Finale erwartete ihn dann der starke Pole Mateusz Kampik, dem er in zwei Runden durch technische \u00dcberlegenheit nach Punkten unterlag.<\/p>\n<p style=\"text-align: justify;\">Zu diesem au\u00dferordentlich guten Abschneiden bei einem so bedeutenden Turnier von dieser Stelle die besten Gl\u00fcckw\u00fcnsche an Sebastian von allen \u201eWarnem\u00fcnder Ringern\u201c.<\/p>\n<p>Hans Wittkowski<\/p>\n","protected":false},"excerpt":{"rendered":"<p>Vom 03. bis zum 04.05.2013 fand in Luckenwalde der Brandenburg Cup 2013 statt. Es handelt sich hierbei um ein renommiertes Internationales FILA \u2013 Turnier f\u00fcr Kadetten im Freien Ringkampf. Es waren 151 Teilnehmer aus 45 Vereinen bzw. Verb\u00e4nden am Start. Diese kamen aus Bulgarien, Frankreich, Finnland, Litauen, \u00d6sterreich,<\/p>\n","protected":false},"author":2,"featured_media":0,"comment_status":"open","ping_status":"open","sticky":false,"template":"","format":"standard","meta":{"footnotes":""},"categories":[17],"tags":[],"class_list":["post-1646","post","type-post","status-publish","format-standard","hentry","category-warnemunde"],"_links":{"self":[{"href":"https:\/\/www.ringen-mv.de\/index.php?rest_route=\/wp\/v2\/posts\/1646","targetHints":{"allow":["GET"]}}],"collection":[{"href":"https:\/\/www.ringen-mv.de\/index.php?rest_route=\/wp\/v2\/posts"}],"about":[{"href":"https:\/\/www.ringen-mv.de\/index.php?rest_route=\/wp\/v2\/types\/post"}],"author":[{"embeddable":true,"href":"https:\/\/www.ringen-mv.de\/index.php?rest_route=\/wp\/v2\/users\/2"}],"replies":[{"embeddable":true,"href":"https:\/\/www.ringen-mv.de\/index.php?rest_route=%2Fwp%2Fv2%2Fcomments&post=1646"}],"version-history":[{"count":5,"href":"https:\/\/www.ringen-mv.de\/index.php?rest_route=\/wp\/v2\/posts\/1646\/revisions"}],"predecessor-version":[{"id":1651,"href":"https:\/\/www.ringen-mv.de\/index.php?rest_route=\/wp\/v2\/posts\/1646\/revisions\/1651"}],"wp:attachment":[{"href":"https:\/\/www.ringen-mv.de\/index.php?rest_route=%2Fwp%2Fv2%2Fmedia&parent=1646"}],"wp:term":[{"taxonomy":"category","embeddable":true,"href":"https:\/\/www.ringen-mv.de\/index.php?rest_route=%2Fwp%2Fv2%2Fcategories&post=1646"},{"taxonomy":"post_tag","embeddable":true,"href":"https:\/\/www.ringen-mv.de\/index.php?rest_route=%2Fwp%2Fv2%2Ftags&post=1646"}],"curies":[{"name":"wp","href":"https:\/\/api.w.org\/{rel}","templated":true}]}}