{"id":1766,"date":"2013-06-06T12:03:33","date_gmt":"2013-06-06T10:03:33","guid":{"rendered":"http:\/\/www.sav-torgelow-ringen.de\/RV%20MV2\/wordpress_341-de\/wordpress\/?p=1766"},"modified":"2013-06-06T12:20:51","modified_gmt":"2013-06-06T10:20:51","slug":"ringerveteranen-starten-bei-deutschen-meisterschaften","status":"publish","type":"post","link":"https:\/\/www.ringen-mv.de\/?p=1766","title":{"rendered":"Ringerveteranen starten bei Deutschen Meisterschaften"},"content":{"rendered":"<p style=\"text-align: justify;\"><a href=\"http:\/\/www.ringen-mv.de\/wp-content\/uploads\/2013\/06\/532187_504811626247773_1849353046_n.jpg\"><img loading=\"lazy\" decoding=\"async\" class=\"alignleft  wp-image-1767\" src=\"http:\/\/www.ringen-mv.de\/wp-content\/uploads\/2013\/06\/532187_504811626247773_1849353046_n.jpg\" alt=\"\" width=\"287\" height=\"124\" srcset=\"https:\/\/www.ringen-mv.de\/wp-content\/uploads\/2013\/06\/532187_504811626247773_1849353046_n.jpg 796w, https:\/\/www.ringen-mv.de\/wp-content\/uploads\/2013\/06\/532187_504811626247773_1849353046_n-300x129.jpg 300w, https:\/\/www.ringen-mv.de\/wp-content\/uploads\/2013\/06\/532187_504811626247773_1849353046_n-500x215.jpg 500w\" sizes=\"auto, (max-width: 287px) 100vw, 287px\" \/><\/a>Im kurpf\u00e4lzischen Ladenburg k\u00e4mpfen die Altersklassenringer um die nationalen Titel im Ringen.\u00a0Ab kommenden Freitag k\u00e4mpfen in Nordbaden die besten Ringer-Veteranen aus Deutschland um die nationalen Meisterschaften. Auch Mecklenburg-Vorpommern wird dabei traditionell von den M\u00e4nnern aus Rostock und Warnem\u00fcnde vertreten.<\/p>\n<p style=\"text-align: justify;\"><!--more--><\/p>\n<p style=\"text-align: justify;\">Neben den Dauerbrennern Siegfried Jozlowski (11 Titel) und Ralf Lenz (13) treten dabei Stefan Brandt, Gerd Kopplin und J\u00f6rg Dammann an. Besonders zu beachten ist aber das Comeback vom Ex-Veteranenweltmeister und mehrfachen Masters Sieger Torsten Wietzke. Torsten musste krankheitsbedingt vor einigen Jahren pausieren, hat dann einige Zeit gebraucht um sich wieder f\u00fcr die Teilnahme an Wettk\u00e4mpfen zu entscheiden und wird nun erstmals wieder mit dabei sein. Am Freitag wird im griechisch-r\u00f6mischen Stil gek\u00e4mpft und am Sonnabend im freien Stil. Neben den Nordlichtern haben auch viele ehemalige Nationalmannschaftsk\u00e4mpfer ihr kommen angek\u00fcndigt, angef\u00fchrt von Uwe Neupert dem erfolgreichsten deutschen Ringer bei internationalen Meisterschaften.<\/p>\n<p style=\"text-align: justify;\">Wir hoffen, dass die erfolgsverw\u00f6hnten Ostseest\u00e4dter wieder reich dekoriert, am kommenden Sonntag an die K\u00fcste zur\u00fcckkommen.<\/p>\n<ul>\n<li><a href=\"http:\/\/asv-ladenburg.pytalhost.de\/Joomla\/ringen\/german-masters-2013\/meldeliste.html#.UaXYv1J506Y.facebook\" target=\"_blank\">\u00a0Meldeliste German Masters<\/a><\/li>\n<\/ul>\n<p>Ralf Lenz<\/p>\n<p>&nbsp;<\/p>\n<p>&nbsp;<\/p>\n","protected":false},"excerpt":{"rendered":"<p>Im kurpf\u00e4lzischen Ladenburg k\u00e4mpfen die Altersklassenringer um die nationalen Titel im Ringen.\u00a0Ab kommenden Freitag k\u00e4mpfen in Nordbaden die besten Ringer-Veteranen aus Deutschland um die nationalen Meisterschaften. Auch Mecklenburg-Vorpommern wird dabei traditionell von den M\u00e4nnern aus Rostock und Warnem\u00fcnde vertreten.<\/p>\n","protected":false},"author":2,"featured_media":0,"comment_status":"open","ping_status":"open","sticky":false,"template":"","format":"standard","meta":{"footnotes":""},"categories":[1],"tags":[],"class_list":["post-1766","post","type-post","status-publish","format-standard","hentry","category-allgemein"],"_links":{"self":[{"href":"https:\/\/www.ringen-mv.de\/index.php?rest_route=\/wp\/v2\/posts\/1766","targetHints":{"allow":["GET"]}}],"collection":[{"href":"https:\/\/www.ringen-mv.de\/index.php?rest_route=\/wp\/v2\/posts"}],"about":[{"href":"https:\/\/www.ringen-mv.de\/index.php?rest_route=\/wp\/v2\/types\/post"}],"author":[{"embeddable":true,"href":"https:\/\/www.ringen-mv.de\/index.php?rest_route=\/wp\/v2\/users\/2"}],"replies":[{"embeddable":true,"href":"https:\/\/www.ringen-mv.de\/index.php?rest_route=%2Fwp%2Fv2%2Fcomments&post=1766"}],"version-history":[{"count":6,"href":"https:\/\/www.ringen-mv.de\/index.php?rest_route=\/wp\/v2\/posts\/1766\/revisions"}],"predecessor-version":[{"id":1773,"href":"https:\/\/www.ringen-mv.de\/index.php?rest_route=\/wp\/v2\/posts\/1766\/revisions\/1773"}],"wp:attachment":[{"href":"https:\/\/www.ringen-mv.de\/index.php?rest_route=%2Fwp%2Fv2%2Fmedia&parent=1766"}],"wp:term":[{"taxonomy":"category","embeddable":true,"href":"https:\/\/www.ringen-mv.de\/index.php?rest_route=%2Fwp%2Fv2%2Fcategories&post=1766"},{"taxonomy":"post_tag","embeddable":true,"href":"https:\/\/www.ringen-mv.de\/index.php?rest_route=%2Fwp%2Fv2%2Ftags&post=1766"}],"curies":[{"name":"wp","href":"https:\/\/api.w.org\/{rel}","templated":true}]}}