{"id":1913,"date":"2013-06-30T14:23:23","date_gmt":"2013-06-30T12:23:23","guid":{"rendered":"http:\/\/www.sav-torgelow-ringen.de\/RV%20MV2\/wordpress_341-de\/wordpress\/?p=1913"},"modified":"2013-07-02T09:02:58","modified_gmt":"2013-07-02T07:02:58","slug":"klaus-breuer-verstorben","status":"publish","type":"post","link":"https:\/\/www.ringen-mv.de\/?p=1913","title":{"rendered":"Klaus Breuer verstorben"},"content":{"rendered":"<p style=\"text-align: justify\"><a href=\"http:\/\/www.ringen-mv.de\/wp-content\/uploads\/2013\/06\/Klaus-Breuer.jpg\" target=\"_blank\"><img loading=\"lazy\" decoding=\"async\" class=\"alignleft  wp-image-1914\" alt=\"Klaus Breuer\" src=\"http:\/\/www.ringen-mv.de\/wp-content\/uploads\/2013\/06\/Klaus-Breuer.jpg\" width=\"193\" height=\"217\" srcset=\"https:\/\/www.ringen-mv.de\/wp-content\/uploads\/2013\/06\/Klaus-Breuer.jpg 322w, https:\/\/www.ringen-mv.de\/wp-content\/uploads\/2013\/06\/Klaus-Breuer-267x300.jpg 267w\" sizes=\"auto, (max-width: 193px) 100vw, 193px\" \/><\/a>Am 22. Juni verstarb nach langer Krankheit das Ehrenmitglied des Ringer-Verbandes Mecklenburg-Vorpommern, Klaus Breuer, an Herzversagen. Die Urnen-Beisetzung findet am 02. August 2013 um 11: Uhr auf dem Friedhof in Warnem\u00fcnde statt. Mit Klaus Breuer verliert der Ringer-Verband Mecklenburg-Vorpommern einen \u00e4u\u00dfert verdienstvollen Ringer-Funktion\u00e4r, der seit 1952 der Sektion Ringen der BSG Motor Warnowwerft Warnem\u00fcnde vorstand.<\/p>\n<p style=\"text-align: justify\"><!--more-->Zu DDR Zeiten gewann er mit seinen Ringern die DDR Oberliga- Mannschafts-Meisterschaft im Freien Ringkampf und seine Sektion erhielt die Auszeichnung &#8222;Beste Sektion des Ringer-Verbandes der DDR&#8220; verliehen. Klaus Breuer ist Gr\u00fcndungsmitglied unseres Verbandes und Mitglied im Pr\u00e4sidium. Nach seinem Ausscheiden aus dem Pr\u00e4sidium wurde er zum Ehrenmitglied ernannt. F\u00fcr seine ehrenamtliche T\u00e4tigkeit zeichnete der Landessportbund Mecklenburg-Vorpommern Klaus Breuer mit der Ehrenplakette aus.<\/p>\n<p style=\"text-align: justify\">Seiner Frau Dorit und seinen S\u00f6hnen Uwe und J\u00fcrgen Breuer sprechen wir hiermit unser tief empfundenes Beileid aus.<\/p>\n<p style=\"text-align: justify\">Pr\u00e4sidium des Ringer-Verbandes<br \/>\nPr\u00e4sident und Ehrenpr\u00e4sident<\/p>\n<p style=\"text-align: justify\"><a href=\"http:\/\/www.ringen-mv.de\/wp-content\/uploads\/2013\/06\/Trauer-um-Klaus-Breuer.jpg\"><img loading=\"lazy\" decoding=\"async\" class=\"alignleft size-full wp-image-1934\" alt=\"Trauer um Klaus Breuer\" src=\"http:\/\/www.ringen-mv.de\/wp-content\/uploads\/2013\/06\/Trauer-um-Klaus-Breuer.jpg\" width=\"594\" height=\"841\" srcset=\"https:\/\/www.ringen-mv.de\/wp-content\/uploads\/2013\/06\/Trauer-um-Klaus-Breuer.jpg 594w, https:\/\/www.ringen-mv.de\/wp-content\/uploads\/2013\/06\/Trauer-um-Klaus-Breuer-211x300.jpg 211w, https:\/\/www.ringen-mv.de\/wp-content\/uploads\/2013\/06\/Trauer-um-Klaus-Breuer-353x500.jpg 353w\" sizes=\"auto, (max-width: 594px) 100vw, 594px\" \/><\/a><\/p>\n","protected":false},"excerpt":{"rendered":"<p>Am 22. Juni verstarb nach langer Krankheit das Ehrenmitglied des Ringer-Verbandes Mecklenburg-Vorpommern, Klaus Breuer, an Herzversagen. Die Urnen-Beisetzung findet am 02. August 2013 um 11: Uhr auf dem Friedhof in Warnem\u00fcnde statt. Mit Klaus Breuer verliert der Ringer-Verband Mecklenburg-Vorpommern einen \u00e4u\u00dfert verdienstvollen Ringer-Funktion\u00e4r, der seit 1952 der Sektion<\/p>\n","protected":false},"author":2,"featured_media":0,"comment_status":"open","ping_status":"open","sticky":false,"template":"","format":"standard","meta":{"footnotes":""},"categories":[1,17],"tags":[],"class_list":["post-1913","post","type-post","status-publish","format-standard","hentry","category-allgemein","category-warnemunde"],"_links":{"self":[{"href":"https:\/\/www.ringen-mv.de\/index.php?rest_route=\/wp\/v2\/posts\/1913","targetHints":{"allow":["GET"]}}],"collection":[{"href":"https:\/\/www.ringen-mv.de\/index.php?rest_route=\/wp\/v2\/posts"}],"about":[{"href":"https:\/\/www.ringen-mv.de\/index.php?rest_route=\/wp\/v2\/types\/post"}],"author":[{"embeddable":true,"href":"https:\/\/www.ringen-mv.de\/index.php?rest_route=\/wp\/v2\/users\/2"}],"replies":[{"embeddable":true,"href":"https:\/\/www.ringen-mv.de\/index.php?rest_route=%2Fwp%2Fv2%2Fcomments&post=1913"}],"version-history":[{"count":9,"href":"https:\/\/www.ringen-mv.de\/index.php?rest_route=\/wp\/v2\/posts\/1913\/revisions"}],"predecessor-version":[{"id":1918,"href":"https:\/\/www.ringen-mv.de\/index.php?rest_route=\/wp\/v2\/posts\/1913\/revisions\/1918"}],"wp:attachment":[{"href":"https:\/\/www.ringen-mv.de\/index.php?rest_route=%2Fwp%2Fv2%2Fmedia&parent=1913"}],"wp:term":[{"taxonomy":"category","embeddable":true,"href":"https:\/\/www.ringen-mv.de\/index.php?rest_route=%2Fwp%2Fv2%2Fcategories&post=1913"},{"taxonomy":"post_tag","embeddable":true,"href":"https:\/\/www.ringen-mv.de\/index.php?rest_route=%2Fwp%2Fv2%2Ftags&post=1913"}],"curies":[{"name":"wp","href":"https:\/\/api.w.org\/{rel}","templated":true}]}}