{"id":1966,"date":"2013-07-23T11:03:06","date_gmt":"2013-07-23T09:03:06","guid":{"rendered":"http:\/\/www.sav-torgelow-ringen.de\/RV%20MV2\/wordpress_341-de\/wordpress\/?p=1966"},"modified":"2013-07-24T07:35:49","modified_gmt":"2013-07-24T05:35:49","slug":"das-ringen-um-olympia-geht-weiter-cd-des-%c2%b4s-buurequartett-ist-erschienen","status":"publish","type":"post","link":"https:\/\/www.ringen-mv.de\/?p=1966","title":{"rendered":"Das Ringen um Olympia geht weiter \u2013  CD des \u00b4s Buurequartett ist erschienen"},"content":{"rendered":"<p style=\"text-align: justify;\">Durch den Abstimmungserfolg am 29. Mai 2013 in St. Petersburg hat sich Ringen die Chance auf die Olympiateilnahme ab 2020 erhalten, aber bis zur endg\u00fcltigen Entscheidung auf der Vollversammlung des IOC im kommenden September in Buenos Aires braucht der Ringkampfsport weiterhin jede Unterst\u00fctzung!<\/p>\n<p style=\"text-align: justify;\"><!--more--><\/p>\n<p style=\"text-align: justify;\">Viele Vereine haben in den letzten Wochen bei Aktionstagen und Schauk\u00e4mpfen nachdr\u00fccklich die Attraktivit\u00e4t des Ringkampfsportes unter Beweis gestellt. Eine Vielzahl unerm\u00fcdlicher Helferinnen und Helfer aller Altersklassen hat dazu beigetragen, dass wir rund 131.000 Unterschriften f\u00fcr den Erhalt des Ringens als olympische Sportart bekommen haben. Danke!!!<\/p>\n<p style=\"text-align: justify;\">Und es geht weiter \u2026\u2026..<\/p>\n<p style=\"text-align: justify;\">Die im Schwarzwald beheimatete Ringergemeinschaft Lahr hat <b>\u00b4s Buurequartett<\/b> (Timo Haag, Patric Bohy, Mirko Sahl und Daniel Moser) um Mithilfe gebeten und so entstand der Song <i><b>F\u00fcr immer Olympia<\/b><\/i>, der nun auch auf CD (inkl. Karaoke-Version und Video) erh\u00e4ltlich ist.<\/p>\n<p style=\"text-align: justify;\">Mehr zum <b>\u00b4s Buurequartett <\/b>finden Sie auf <a href=\"http:\/\/www.buurequartett.de\">www.buurequartett.de<\/a>.<\/p>\n<p style=\"text-align: justify;\"><b>Sie k\u00f6nnen die CD ab sofort f\u00fcr 5,00 EUR (zzgl. Versandkosten) mit unserem Bestellschein anfordern.\u00a0<a href=\"http:\/\/www.ringen.de\/images\/PDF\/Bestellblatt%20CD.pdf\"> http:\/\/www.ringen.de\/images\/PDF\/Bestellblatt%20CD.pdf<\/a><br \/>\n<\/b><\/p>\n<p style=\"text-align: justify;\">\n<p>Ihre<\/p>\n<p>DRB Service GmbH<\/p>\n<p>&nbsp;<\/p>\n","protected":false},"excerpt":{"rendered":"<p>Durch den Abstimmungserfolg am 29. Mai 2013 in St. Petersburg hat sich Ringen die Chance auf die Olympiateilnahme ab 2020 erhalten, aber bis zur endg\u00fcltigen Entscheidung auf der Vollversammlung des IOC im kommenden September in Buenos Aires braucht der Ringkampfsport weiterhin jede Unterst\u00fctzung!<\/p>\n","protected":false},"author":2,"featured_media":0,"comment_status":"open","ping_status":"open","sticky":false,"template":"","format":"standard","meta":{"footnotes":""},"categories":[1],"tags":[],"class_list":["post-1966","post","type-post","status-publish","format-standard","hentry","category-allgemein"],"_links":{"self":[{"href":"https:\/\/www.ringen-mv.de\/index.php?rest_route=\/wp\/v2\/posts\/1966","targetHints":{"allow":["GET"]}}],"collection":[{"href":"https:\/\/www.ringen-mv.de\/index.php?rest_route=\/wp\/v2\/posts"}],"about":[{"href":"https:\/\/www.ringen-mv.de\/index.php?rest_route=\/wp\/v2\/types\/post"}],"author":[{"embeddable":true,"href":"https:\/\/www.ringen-mv.de\/index.php?rest_route=\/wp\/v2\/users\/2"}],"replies":[{"embeddable":true,"href":"https:\/\/www.ringen-mv.de\/index.php?rest_route=%2Fwp%2Fv2%2Fcomments&post=1966"}],"version-history":[{"count":8,"href":"https:\/\/www.ringen-mv.de\/index.php?rest_route=\/wp\/v2\/posts\/1966\/revisions"}],"predecessor-version":[{"id":1973,"href":"https:\/\/www.ringen-mv.de\/index.php?rest_route=\/wp\/v2\/posts\/1966\/revisions\/1973"}],"wp:attachment":[{"href":"https:\/\/www.ringen-mv.de\/index.php?rest_route=%2Fwp%2Fv2%2Fmedia&parent=1966"}],"wp:term":[{"taxonomy":"category","embeddable":true,"href":"https:\/\/www.ringen-mv.de\/index.php?rest_route=%2Fwp%2Fv2%2Fcategories&post=1966"},{"taxonomy":"post_tag","embeddable":true,"href":"https:\/\/www.ringen-mv.de\/index.php?rest_route=%2Fwp%2Fv2%2Ftags&post=1966"}],"curies":[{"name":"wp","href":"https:\/\/api.w.org\/{rel}","templated":true}]}}