{"id":1978,"date":"2013-08-05T07:50:28","date_gmt":"2013-08-05T05:50:28","guid":{"rendered":"http:\/\/www.sav-torgelow-ringen.de\/RV%20MV2\/wordpress_341-de\/wordpress\/?p=1978"},"modified":"2013-08-05T14:16:57","modified_gmt":"2013-08-05T12:16:57","slug":"katrin-henke-und-alexander-grebensikov-vor-wm-start","status":"publish","type":"post","link":"https:\/\/www.ringen-mv.de\/?p=1978","title":{"rendered":"Katrin Henke und Alexander Grebensikov vor WM-Start"},"content":{"rendered":"<p style=\"text-align: justify;\">Vom 13. bis 18. August werden die Weltmeisterschaften im Ringen f\u00fcr die Mattenk\u00e4mpfer im Juniorenalter ausgetragen. Jeweils an zwei Tagen k\u00f6nnen sich die Spezialisten des freien Stils, der griechisch-r\u00f6mischen Stils und die jungen Damen dann auf der runden Kampffl\u00e4che beweisen.<\/p>\n<p style=\"text-align: justify;\"><!--more--><br \/>\nDie Bundestrainer haben ihre Mannschaften aufgestellt und man tut sich in letzten Trainingslagern nat\u00fcrlich noch einmal gewissenhaft vorbereiten. Auch aus dem Nordosten werden, wenn jetzt nichts mehr dazwischen kommt, zwei Sportler f\u00fcr Team Germany antreten. Katrin Henke, gerade holte sie wie schon 2011 sensationell die Bronzemedaille bei den Junioreneuropameisterschaften, und Alexander Grebensikov, der neunfache Deutsche Meister werden in Sofia (Bulgarien) sich mit der Weltspitze der 18-20 j\u00e4hrigen Ringerkampfsportler messen.<br \/>\nBeide Sportler aus Mecklenburg-Vorpommern verbindet etwas Gemeinsames, obwohl sie jetzt an unterschiedlichen Orten lernen und trainieren. Katrin, nun in Luckenwalde auf der Sportschule und Alexander, Athlet beim Olympiast\u00fctzpunkt Frankfurt\/Oder haben fr\u00fcher einmal zusammen trainiert. Beide vom Jahrgang 1993 erlernten das Ringen beim SAV Torgelow und trafen bei zahlreichen Trainingseinheiten auch gegeneinander an. Als beide noch so 10 Jahre alt waren, konnte sich jeder mal als Sieger f\u00fchlen. Jetzt sehen sie sich nur noch selten, da die Frauen und die griechisch-r\u00f6misch Spezialisten eher selten ein selbes Turnier haben. Wenn dann nur mal wie jetzt auf einer EM oder WM, so wie jetzt in Sofia. Beide scheinen fit zu sein, aus der Heimat, vom SAV Torgelow, f\u00fcr den sie nat\u00fcrlich immer noch starten, kommt moralische Unterst\u00fctzung mit in die Armeec-Arena, wo die Titelk\u00e4mpfe ausgetragen werden. Die Heimtrainer lassen es sich nicht nehmen nach Bulgarien zu fliegen und ihre beiden Sch\u00fctzlinge neben den anderen Teilnehmern vom Team Germany anzufeuern und eventuell gibt es ja auch wieder was zum Jubeln am Ende. Alexander hat seinen Auftritt am Dienstag (13.08.) in der 60 kg-Klasse, Katrin wird am Freitag (16.08.) im 48 kg-Limit antreten.<\/p>\n<ul>\n<li><a href=\"http:\/\/arenaarmeecsofia.com\/Event\/World-Junior-Wrestling-Championships_l.ev_i.335_lang.en.html\" target=\"_blank\">Tickets<\/a><\/li>\n<\/ul>\n<p><a href=\"http:\/\/www.ringen-mv.de\/wp-content\/uploads\/2013\/08\/Katrin-Henke-mit-Trainer-Michael-Kleinschmidt-aus-Luckenwalde.jpg\"><img loading=\"lazy\" decoding=\"async\" class=\"size-full wp-image-1979\" alt=\"Katrin Henke mit Trainer Michael Kleinschmidt aus Luckenwalde\" src=\"http:\/\/www.ringen-mv.de\/wp-content\/uploads\/2013\/08\/Katrin-Henke-mit-Trainer-Michael-Kleinschmidt-aus-Luckenwalde.jpg\" width=\"1024\" height=\"809\" srcset=\"https:\/\/www.ringen-mv.de\/wp-content\/uploads\/2013\/08\/Katrin-Henke-mit-Trainer-Michael-Kleinschmidt-aus-Luckenwalde.jpg 1024w, https:\/\/www.ringen-mv.de\/wp-content\/uploads\/2013\/08\/Katrin-Henke-mit-Trainer-Michael-Kleinschmidt-aus-Luckenwalde-300x237.jpg 300w, https:\/\/www.ringen-mv.de\/wp-content\/uploads\/2013\/08\/Katrin-Henke-mit-Trainer-Michael-Kleinschmidt-aus-Luckenwalde-500x395.jpg 500w\" sizes=\"auto, (max-width: 1024px) 100vw, 1024px\" \/><\/a><\/p>\n<dl class=\"wp-caption alignleft\" id=\"attachment_1979\" style=\"width: 1034px;\">\n<dd class=\"wp-caption-dd\">Katrin Henke mit Trainer Michael Kleinschmidt aus Luckenwalde<\/dd>\n<\/dl>\n<p><a href=\"http:\/\/www.ringen-mv.de\/wp-content\/uploads\/2013\/08\/Alexander-Grebensikov-mit-Trainer-Sebastian-M\u00f6ser-vom-Olympiast\u00fctzpunkt-Frankfurt-Oder.jpg\"><img loading=\"lazy\" decoding=\"async\" class=\"size-full wp-image-1980\" alt=\"Alexander Grebensikov mit Trainer Sebastian M\u00f6ser vom Olympiast\u00fctzpunkt Frankfurt\/Oder\" src=\"http:\/\/www.ringen-mv.de\/wp-content\/uploads\/2013\/08\/Alexander-Grebensikov-mit-Trainer-Sebastian-M\u00f6ser-vom-Olympiast\u00fctzpunkt-Frankfurt-Oder.jpg\" width=\"1024\" height=\"685\" srcset=\"https:\/\/www.ringen-mv.de\/wp-content\/uploads\/2013\/08\/Alexander-Grebensikov-mit-Trainer-Sebastian-M\u00f6ser-vom-Olympiast\u00fctzpunkt-Frankfurt-Oder.jpg 1024w, https:\/\/www.ringen-mv.de\/wp-content\/uploads\/2013\/08\/Alexander-Grebensikov-mit-Trainer-Sebastian-M\u00f6ser-vom-Olympiast\u00fctzpunkt-Frankfurt-Oder-300x200.jpg 300w, https:\/\/www.ringen-mv.de\/wp-content\/uploads\/2013\/08\/Alexander-Grebensikov-mit-Trainer-Sebastian-M\u00f6ser-vom-Olympiast\u00fctzpunkt-Frankfurt-Oder-500x334.jpg 500w\" sizes=\"auto, (max-width: 1024px) 100vw, 1024px\" \/><\/a><\/p>\n<dl class=\"wp-caption alignleft\" id=\"attachment_1980\" style=\"width: 1034px;\">\n<dd class=\"wp-caption-dd\">Alexander Grebensikov mit Trainer Sebastian M\u00f6ser vom Olympiast\u00fctzpunkt Frankfurt\/Oder<\/dd>\n<\/dl>\n<p>&nbsp;<\/p>\n","protected":false},"excerpt":{"rendered":"<p>Vom 13. bis 18. August werden die Weltmeisterschaften im Ringen f\u00fcr die Mattenk\u00e4mpfer im Juniorenalter ausgetragen. Jeweils an zwei Tagen k\u00f6nnen sich die Spezialisten des freien Stils, der griechisch-r\u00f6mischen Stils und die jungen Damen dann auf der runden Kampffl\u00e4che beweisen.<\/p>\n","protected":false},"author":2,"featured_media":0,"comment_status":"open","ping_status":"open","sticky":false,"template":"","format":"standard","meta":{"footnotes":""},"categories":[1,8],"tags":[],"class_list":["post-1978","post","type-post","status-publish","format-standard","hentry","category-allgemein","category-torgelow"],"_links":{"self":[{"href":"https:\/\/www.ringen-mv.de\/index.php?rest_route=\/wp\/v2\/posts\/1978","targetHints":{"allow":["GET"]}}],"collection":[{"href":"https:\/\/www.ringen-mv.de\/index.php?rest_route=\/wp\/v2\/posts"}],"about":[{"href":"https:\/\/www.ringen-mv.de\/index.php?rest_route=\/wp\/v2\/types\/post"}],"author":[{"embeddable":true,"href":"https:\/\/www.ringen-mv.de\/index.php?rest_route=\/wp\/v2\/users\/2"}],"replies":[{"embeddable":true,"href":"https:\/\/www.ringen-mv.de\/index.php?rest_route=%2Fwp%2Fv2%2Fcomments&post=1978"}],"version-history":[{"count":11,"href":"https:\/\/www.ringen-mv.de\/index.php?rest_route=\/wp\/v2\/posts\/1978\/revisions"}],"predecessor-version":[{"id":1991,"href":"https:\/\/www.ringen-mv.de\/index.php?rest_route=\/wp\/v2\/posts\/1978\/revisions\/1991"}],"wp:attachment":[{"href":"https:\/\/www.ringen-mv.de\/index.php?rest_route=%2Fwp%2Fv2%2Fmedia&parent=1978"}],"wp:term":[{"taxonomy":"category","embeddable":true,"href":"https:\/\/www.ringen-mv.de\/index.php?rest_route=%2Fwp%2Fv2%2Fcategories&post=1978"},{"taxonomy":"post_tag","embeddable":true,"href":"https:\/\/www.ringen-mv.de\/index.php?rest_route=%2Fwp%2Fv2%2Ftags&post=1978"}],"curies":[{"name":"wp","href":"https:\/\/api.w.org\/{rel}","templated":true}]}}