{"id":1993,"date":"2013-08-10T12:27:09","date_gmt":"2013-08-10T10:27:09","guid":{"rendered":"http:\/\/www.sav-torgelow-ringen.de\/RV%20MV2\/wordpress_341-de\/wordpress\/?p=1993"},"modified":"2013-08-10T13:02:22","modified_gmt":"2013-08-10T11:02:22","slug":"ein-demminer-nicht-verliert-auf-zur-deutschen-meisterschaft","status":"publish","type":"post","link":"https:\/\/www.ringen-mv.de\/?p=1993","title":{"rendered":"\u00bbEin Demminer nicht verliert\u00ab \u2013 Auf zur Deutschen Meisterschaft"},"content":{"rendered":"<p style=\"text-align: justify;\">&#8230; und morgen in der Hitparade!<\/p>\n<p><iframe loading=\"lazy\" src=\"\/\/www.youtube.com\/embed\/JmDU0DtAZKk\" height=\"315\" width=\"420\" allowfullscreen=\"\" frameborder=\"0\" align=\"middle\"><\/iframe><\/p>\n<p style=\"text-align: justify;\"><!--more--><\/p>\n<p style=\"text-align: justify;\">\u00bbGriechisch\u2010r\u00f6misch oder Freistil, wir k\u00e4mpfen nur f\u00fcr ein Ziel: wollen siegen, siegen, siegen!\u00ab, der Liedtext verr\u00e4t, hier geht es um das Ringen. Um genau zu sein: um den Demminer Ringerverein 1954 e. V.!<br \/>\nDie Begeisterung f\u00fcr ihren Sport beweisen die dort Aktiven beim Training, den Wettk\u00e4mpfen und dem gemeinsamen Singen.<br \/>\nWenn euphorisch das neue Vereinslied angestimmt wird, schwingen Stolz und Freude mit. Selbstbewusst k\u00f6nnen die Mitglieder auch sein. Schlie\u00dflich kann der Verein seit seiner Gr\u00fcndung auf ungez\u00e4hlte sportliche Erfolge der Aktiven verweisen.<br \/>\nEin weiterer H\u00f6hepunkt ist im kommenden Jahr die Deutsche Meisterschaft der weiblichen Jugend in Demmin. Der Verein ist dann Ausrichter und Gastgeber zugleich.<br \/>\nEin Demminer nicht verliert, ist nicht nur der heroische Titel ihrer Vereinshymne, es ist auch die feste \u00dcberzeugung aller Sportler, Fans, Helfer und Sponsoren.<br \/>\nDie Komponisten und Texter des Ringerliedes, Andrea Peters und Thomas Birkigt von der KINDERLIEDB\u00dcHNE Mecklenburg\u2010Vorpommern DAS ORIGINAL KINDERLIEDTHEATER, haben ihr Werk mit dem Demminer Ringerverein 1954 e. V. aufgenommen und im eigenen Tonstudio professionell produziert.<br \/>\nWer mitsingen will, kann das auf der Vereins\u2010Homepage: <a title=\"www.demminer\u2010ringerverein.de\" href=\"www.demminer\u2010ringerverein.de\" target=\"_blank\">www.demminer\u2010ringerverein.de<\/a><\/p>\n","protected":false},"excerpt":{"rendered":"<p>&#8230; und morgen in der Hitparade!<\/p>\n","protected":false},"author":2,"featured_media":0,"comment_status":"open","ping_status":"open","sticky":false,"template":"","format":"standard","meta":{"footnotes":""},"categories":[11],"tags":[],"class_list":["post-1993","post","type-post","status-publish","format-standard","hentry","category-demmin"],"_links":{"self":[{"href":"https:\/\/www.ringen-mv.de\/index.php?rest_route=\/wp\/v2\/posts\/1993","targetHints":{"allow":["GET"]}}],"collection":[{"href":"https:\/\/www.ringen-mv.de\/index.php?rest_route=\/wp\/v2\/posts"}],"about":[{"href":"https:\/\/www.ringen-mv.de\/index.php?rest_route=\/wp\/v2\/types\/post"}],"author":[{"embeddable":true,"href":"https:\/\/www.ringen-mv.de\/index.php?rest_route=\/wp\/v2\/users\/2"}],"replies":[{"embeddable":true,"href":"https:\/\/www.ringen-mv.de\/index.php?rest_route=%2Fwp%2Fv2%2Fcomments&post=1993"}],"version-history":[{"count":23,"href":"https:\/\/www.ringen-mv.de\/index.php?rest_route=\/wp\/v2\/posts\/1993\/revisions"}],"predecessor-version":[{"id":2016,"href":"https:\/\/www.ringen-mv.de\/index.php?rest_route=\/wp\/v2\/posts\/1993\/revisions\/2016"}],"wp:attachment":[{"href":"https:\/\/www.ringen-mv.de\/index.php?rest_route=%2Fwp%2Fv2%2Fmedia&parent=1993"}],"wp:term":[{"taxonomy":"category","embeddable":true,"href":"https:\/\/www.ringen-mv.de\/index.php?rest_route=%2Fwp%2Fv2%2Fcategories&post=1993"},{"taxonomy":"post_tag","embeddable":true,"href":"https:\/\/www.ringen-mv.de\/index.php?rest_route=%2Fwp%2Fv2%2Ftags&post=1993"}],"curies":[{"name":"wp","href":"https:\/\/api.w.org\/{rel}","templated":true}]}}