{"id":2023,"date":"2013-08-12T19:17:14","date_gmt":"2013-08-12T17:17:14","guid":{"rendered":"http:\/\/www.sav-torgelow-ringen.de\/RV%20MV2\/wordpress_341-de\/wordpress\/?p=2023"},"modified":"2013-08-12T19:18:48","modified_gmt":"2013-08-12T17:18:48","slug":"kreisspiele-in-luebtheen","status":"publish","type":"post","link":"https:\/\/www.ringen-mv.de\/?p=2023","title":{"rendered":"Kreisspiele in L\u00fcbtheen"},"content":{"rendered":"<p style=\"text-align: justify;\"><a href=\"http:\/\/www.ringen-mv.de\/wp-content\/uploads\/2013\/07\/ringerlogosmall.png\"><img loading=\"lazy\" decoding=\"async\" class=\"size-full wp-image-1965 alignleft\" alt=\"ringerlogosmall\" src=\"http:\/\/www.ringen-mv.de\/wp-content\/uploads\/2013\/07\/ringerlogosmall.png\" width=\"150\" height=\"150\" \/><\/a>Bereits am 15. Juni diesen Jahres wurden die Kinder- und Jugendsportspiele des Landkreises Ludwigslust-Parchim ausgetragen. Der Wettkampf\u00a0f\u00fcr die\u00a0Ringer musste jedoch aufgrund des Elbhochwassers abgesagt werden. Damals wurde die L\u00fcbtheener Hans-Oldag-Halle f\u00fcr die Evakuierten aus den betroffenen Regionen zur\u00fcckgehalten. Am vergangenen Wochenende hatte der RV L\u00fcbtheen jedoch die Chance diesen Wettkampf\u00a0nachzuholen.<\/p>\n<p style=\"text-align: justify;\"><!--more--><\/p>\n<p style=\"text-align: justify;\">Bei diesem Turnier gingen\u00a0neben den erfahrenen Kindern und Jugendlichen des RVL\u00a0auch diejenigen an den Start, die gerade erst mit dem Ringen angefangen haben und sammelten erste Kampferfahrungen au\u00dferhalb des Trainings. So konnten\u00a0sich die J\u00fcngsten im Ringen einmal\u00a0ausprobieren und\u00a0ihre frisch erlernten Griffe und W\u00fcrfe testen.\u00a0Bevor jedoch mit dem Ringen begonnen werden konnte, wurde sich unter Anleitung des Ringertrainers Jens-Peter-Sievertsen gemeinsam aufgew\u00e4rmt um Verletzungen vorzubeugen. \u00a0Anschlie\u00dfend stellte man die aktuelle Leistung beim Klimmziehen fest. Einige zeigten hierbei\u00a0mit bis 20 Klimmz\u00fcgen und mehr\u00a0ein beachtliches K\u00f6nnen.\u00a0Lautstark angefeuert und\u00a0motiviert wurden die Jungen und M\u00e4dchen dabei\u00a0von den Trainern des RVL sowie den\u00a0zahlreich in der\u00a0Halle erschienenen Eltern. Sp\u00e4ter beim Ringen trat unter den Kleinsten unter anderem schon der 4-J\u00e4hrige \u00a0Luca, Sohn des L\u00fcbtheener Urgesteins Thorsten Schmal an.\u00a0Nach einem anstrengenden aber auch spa\u00dfigen Wettkampftag\u00a0konnten sich alle Teilnehmer \u00fcber eine Medaille und Urkunde freuen.<\/p>\n<ul>\n<li style=\"text-align: justify;\"><a href=\"http:\/\/www.ringen-luebtheen.de\/?p=1700\" target=\"_blank\">Bilder vom Turnier<\/a><\/li>\n<\/ul>\n","protected":false},"excerpt":{"rendered":"<p>Bereits am 15. Juni diesen Jahres wurden die Kinder- und Jugendsportspiele des Landkreises Ludwigslust-Parchim ausgetragen. Der Wettkampf\u00a0f\u00fcr die\u00a0Ringer musste jedoch aufgrund des Elbhochwassers abgesagt werden. Damals wurde die L\u00fcbtheener Hans-Oldag-Halle f\u00fcr die Evakuierten aus den betroffenen Regionen zur\u00fcckgehalten. Am vergangenen Wochenende hatte der RV L\u00fcbtheen jedoch die Chance<\/p>\n","protected":false},"author":1,"featured_media":0,"comment_status":"open","ping_status":"open","sticky":false,"template":"","format":"standard","meta":{"footnotes":""},"categories":[4],"tags":[],"class_list":["post-2023","post","type-post","status-publish","format-standard","hentry","category-lubtheen"],"_links":{"self":[{"href":"https:\/\/www.ringen-mv.de\/index.php?rest_route=\/wp\/v2\/posts\/2023","targetHints":{"allow":["GET"]}}],"collection":[{"href":"https:\/\/www.ringen-mv.de\/index.php?rest_route=\/wp\/v2\/posts"}],"about":[{"href":"https:\/\/www.ringen-mv.de\/index.php?rest_route=\/wp\/v2\/types\/post"}],"author":[{"embeddable":true,"href":"https:\/\/www.ringen-mv.de\/index.php?rest_route=\/wp\/v2\/users\/1"}],"replies":[{"embeddable":true,"href":"https:\/\/www.ringen-mv.de\/index.php?rest_route=%2Fwp%2Fv2%2Fcomments&post=2023"}],"version-history":[{"count":2,"href":"https:\/\/www.ringen-mv.de\/index.php?rest_route=\/wp\/v2\/posts\/2023\/revisions"}],"predecessor-version":[{"id":2025,"href":"https:\/\/www.ringen-mv.de\/index.php?rest_route=\/wp\/v2\/posts\/2023\/revisions\/2025"}],"wp:attachment":[{"href":"https:\/\/www.ringen-mv.de\/index.php?rest_route=%2Fwp%2Fv2%2Fmedia&parent=2023"}],"wp:term":[{"taxonomy":"category","embeddable":true,"href":"https:\/\/www.ringen-mv.de\/index.php?rest_route=%2Fwp%2Fv2%2Fcategories&post=2023"},{"taxonomy":"post_tag","embeddable":true,"href":"https:\/\/www.ringen-mv.de\/index.php?rest_route=%2Fwp%2Fv2%2Ftags&post=2023"}],"curies":[{"name":"wp","href":"https:\/\/api.w.org\/{rel}","templated":true}]}}