{"id":2027,"date":"2013-08-14T09:47:14","date_gmt":"2013-08-14T07:47:14","guid":{"rendered":"http:\/\/www.sav-torgelow-ringen.de\/RV%20MV2\/wordpress_341-de\/wordpress\/?p=2027"},"modified":"2013-08-16T13:02:51","modified_gmt":"2013-08-16T11:02:51","slug":"junioren-weltmeisterschaften-2013-in-sofia-bul","status":"publish","type":"post","link":"https:\/\/www.ringen-mv.de\/?p=2027","title":{"rendered":"Junioren-Weltmeisterschaften 2013 in Sofia (BUL)"},"content":{"rendered":"<p style=\"text-align: justify\">Deutsche Nachwuchsteams wollen an die EM-Ergebnisse ankn\u00fcpfen<br \/>\nAm Dienstag starteten die Weltmeisterschaften der Junioren in Sofia\u00a0(BUL)<\/p>\n<p style=\"text-align: justify\">Sofia \u2013 Auch 2013 scheffeln die DRB-Nachwuchsringer bereits Edelmetall\u00a0bei internationalen Titelk\u00e4mpfen und Pokalturnieren, nun stehen mit den\u00a0Weltmeisterschaften der Junioren und Kadetten die Jahresh\u00f6hepunkte f\u00fcr\u00a0den Ringernachwuchs an. <!--more--><br \/>\nR\u00fcckblick: Bei den Europameisterschaften diesen Jahres schafften es mit\u00a0Louis Stumpe (ASV Nendingen) und Denis Kudla (VfK Schifferstadt) gleich\u00a0zwei Griechisch-R\u00f6misch-Spezialisten auf das oberste Treppchen. Schon da\u00a0waren die Titelk\u00e4mpfe in Bar (Kadetten) und Skopje (Junioren) recht\u00a0hart, ist doch der Gro\u00dfteil aller Weltklasseringer in Osteuropa\u00a0beheimatet. Doch muss man nach den j\u00fcngsten Erfolgen der deutschen\u00a0Nachwuchsringer im Kadetten- und Juniorenbereich auch einige DRB-Starter\u00a0zur Spitze z\u00e4hlen, die bei den Europameisterschaften einiges an\u00a0Edelmetall verbuchen konnten.<\/p>\n<p style=\"text-align: justify\">Bei den Weltmeisterschaften der Junioren, die diese Woche in Sofia\u00a0(Bulgarien) ausgetragen werden, sowie den Welt-Titelk\u00e4mpfen der<br \/>\nKadetten, bei denen ab dem 20.August in Zrenjanin (Serbien) die\u00a0Weltmeister 2013 ermittelt werden, kommt starke Konkurrenz aus Asien und\u00a0Nord-Amerika hinzu, dennoch haben die deutschen Ringerasse nach den\u00a0j\u00fcngsten Erfolgen ordentlich Mut getankt und wollen nun auch in Sofia\u00a0und Zrenjanin punkten.<\/p>\n<p style=\"text-align: justify\">Vor allem Bundes-Nachwuchstrainer Maik Bullmann muss den Ausfall des\u00a0frisch-gebackenen Europameisters Denis Kudla (84 kg\/VfK Schifferstadt)\u00a0verkraften, der sich beim Training in Alushta (Ukraine) schwer am Fu\u00df\u00a0verletzte und inzwischen von Ringer-Doc Klaus Johann in\u00a0Saarbr\u00fccken-Merzig operiert wurde.\u00a0So schmolz das deutsche Greco-Team der Junioren, das in Sofia den\u00a0Startschuss gibt, auf\u00a0 nur noch 5 Starter;<\/p>\n<p style=\"text-align: justify\">55 kg: Peter Haase (RV Thalheim),<br \/>\n60 kg: Alexander Grebensikov (SAV Torgelow)<br \/>\n66 kg: Marc-Antonio von Tugginer (KSV K\u00f6llerbach)<br \/>\n96 kg: Etka Sever (VfK Schifferstadt)<br \/>\n120 kg: Christian John (Eisenh\u00fcttenst\u00e4dter RC).<\/p>\n<p style=\"text-align: justify\">Vor allem Christian John wird mit Wut im Bauch auf die Matte treten, der\u00a0Europameister von 2012 hatte sich bei den kontinentalen Titelk\u00e4mpfen\u00a0diesen Jahres in Skopje (Mazedonien) bei der Erw\u00e4rmung an der Schulter\u00a0verletzt, verlor so gleich das erste Duell und schied aus. Auch\u00a0Alexander Grebensikov d\u00fcrfte den Titelk\u00e4mpfen entgegen fiebern, nachdem\u00a0er sich beim Internationalen Brandenburg-Cup im Mai eine\u00a0Rippenverletzung zugezogen hatte, die einen Start bei der EM nicht\u00a0zulie\u00df.<\/p>\n<p style=\"text-align: justify\">Aus dem Vollen sch\u00f6pfen kann hingegen der Bundestrainer f\u00fcr den\u00a0Freistilnachwuchs J\u00fcrgen Scheibe, der bis auf die 50 kg-Klasse alle<br \/>\nKategorien besetzt hat. Mit Manuel Wolfer (55 kg\/RG Hausen-Zell),\u00a0Alexander Semisorow (60 kg\/RG R\u00fcmmingen), Kevin Henkel (66 kg\/TSV\u00a0Dewangen), Steve Masuch \/74 kg\/TSV Westendorf) und Ilja Litvinov (120\u00a0kg\/1. Luckenwalder SC) schickt Scheibe Ringer auf die Matte, die auch\u00a0schon bei den Europameisterschaften in Skopje starke K\u00e4mpfe boten, doch\u00a0teilweise recht ungl\u00fccklich im Medaillenkampf scheiterten. Zudem\u00a0nominierte J\u00fcrgen Scheibe f\u00fcr die Welttitelk\u00e4mpfe in Sofia Wladimir\u00a0Remel (84 kg\/AC K\u00f6ln-M\u00fchlheim) und Robin Ferdinand (96 kg\/ASV Boden),\u00a0wobei vor allem Robin Ferdinand schon in den Vorjahren gute K\u00e4mpfe auf\u00a0internationalen Matten bot und auch schon bei den M\u00e4nnern Ausrufezeichen\u00a0setzte.<\/p>\n<p style=\"text-align: justify\">Hoffnungsvoll tritt in Sofia auch das deutsche Damenteam an, das gleich\u00a0mehrere Ringerinnen in den Reihen hat, die Medaillentr\u00e4ume hegen und\u00a0sich \u00fcber den Juniorinnenbereich hinaus auch schon bei den Frauen einen\u00a0Namen gemacht haben.\u00a0Mit Katrin Henke (48 kg\/SAV Torgelow), Nina Hemmer (51 kg\/AC \u00dcckerath)\u00a0und Nadine Weinauge (63 kg\/KSK Furtwangen) schickt das\u00a0Frauen-Trainerteam die drei EM-Bronzemedaillengewinnerinnen von Skopje\u00a0(Mazedonien) erneut auf die Matten. Doch auch Laura Mertens (55 kg\/AC\u00a0\u00dcckerath) und Luisa Niemesch (59 kg\/SV Weingarten) haben bereits\u00a0zahlreiche internationale Erfolge erk\u00e4mpft, vor allem die Ringerin aus\u00a0Weingarten stand im Vorjahr bei den Weltmeisterschaften der Kadettinnen\u00a0auf dem 2. Platz.<\/p>\n<p style=\"text-align: justify\">Die DRB-Teams in Sofia:<\/p>\n<p style=\"text-align: justify\">Griechisch-r\u00f6mischer Stil<br \/>\n55 kg: Peter Haase (RV Thalheim),<br \/>\n60 kg: Alexander Grebensikov (SAV Torgelow),<br \/>\n66 kg: Marc Antonio von Tugginer (KSV K\u00f6llerbach),<br \/>\n96 kg: Etka Sever (VfK Schifferstadt),<br \/>\n120 kg: Christian John (Eisenh\u00fcttenst\u00e4dter RC)<\/p>\n<p style=\"text-align: justify\">Juniorinnen:<br \/>\n48 kg: Katrin Henke (SAV Torgelow),<br \/>\n51 kg: Nina Hemmer (AC \u00dcckerath),<br \/>\n55 kg: Laura Mertens (AC \u00dcckerath),<br \/>\n59 kg: Luisa Niemesch (SV Weingarten),<br \/>\n63 kg: Nadine Weinauge (KSK Furtwangen).<\/p>\n<p style=\"text-align: justify\">Freistil:<br \/>\n55 kg: Manuel Wolfer (RG Hausen-Zell),<br \/>\n60 kg: Alexander Semisorow (RG R\u00fcmmingen),<br \/>\n66 kg: Kevin Henkel (TSV Dewangen),<br \/>\n74 kg: Steve Masuch (TSV Westendorf),<br \/>\n84 kg: Wladimir Remel (AC K\u00f6ln-M\u00fchlheim),<br \/>\n96 kg: Robin Ferdinand (ASV Boden),<br \/>\n120 kg: Ilja Litvinov (1. Luckenwalder SC).<\/p>\n<p style=\"text-align: justify\">J\u00f6rg Richter<\/p>\n","protected":false},"excerpt":{"rendered":"<p>Deutsche Nachwuchsteams wollen an die EM-Ergebnisse ankn\u00fcpfen Am Dienstag starteten die Weltmeisterschaften der Junioren in Sofia\u00a0(BUL) Sofia \u2013 Auch 2013 scheffeln die DRB-Nachwuchsringer bereits Edelmetall\u00a0bei internationalen Titelk\u00e4mpfen und Pokalturnieren, nun stehen mit den\u00a0Weltmeisterschaften der Junioren und Kadetten die Jahresh\u00f6hepunkte f\u00fcr\u00a0den Ringernachwuchs an.<\/p>\n","protected":false},"author":2,"featured_media":0,"comment_status":"open","ping_status":"open","sticky":false,"template":"","format":"standard","meta":{"footnotes":""},"categories":[1,8],"tags":[],"class_list":["post-2027","post","type-post","status-publish","format-standard","hentry","category-allgemein","category-torgelow"],"_links":{"self":[{"href":"https:\/\/www.ringen-mv.de\/index.php?rest_route=\/wp\/v2\/posts\/2027","targetHints":{"allow":["GET"]}}],"collection":[{"href":"https:\/\/www.ringen-mv.de\/index.php?rest_route=\/wp\/v2\/posts"}],"about":[{"href":"https:\/\/www.ringen-mv.de\/index.php?rest_route=\/wp\/v2\/types\/post"}],"author":[{"embeddable":true,"href":"https:\/\/www.ringen-mv.de\/index.php?rest_route=\/wp\/v2\/users\/2"}],"replies":[{"embeddable":true,"href":"https:\/\/www.ringen-mv.de\/index.php?rest_route=%2Fwp%2Fv2%2Fcomments&post=2027"}],"version-history":[{"count":6,"href":"https:\/\/www.ringen-mv.de\/index.php?rest_route=\/wp\/v2\/posts\/2027\/revisions"}],"predecessor-version":[{"id":2034,"href":"https:\/\/www.ringen-mv.de\/index.php?rest_route=\/wp\/v2\/posts\/2027\/revisions\/2034"}],"wp:attachment":[{"href":"https:\/\/www.ringen-mv.de\/index.php?rest_route=%2Fwp%2Fv2%2Fmedia&parent=2027"}],"wp:term":[{"taxonomy":"category","embeddable":true,"href":"https:\/\/www.ringen-mv.de\/index.php?rest_route=%2Fwp%2Fv2%2Fcategories&post=2027"},{"taxonomy":"post_tag","embeddable":true,"href":"https:\/\/www.ringen-mv.de\/index.php?rest_route=%2Fwp%2Fv2%2Ftags&post=2027"}],"curies":[{"name":"wp","href":"https:\/\/api.w.org\/{rel}","templated":true}]}}