{"id":2090,"date":"2013-08-26T09:56:49","date_gmt":"2013-08-26T07:56:49","guid":{"rendered":"http:\/\/www.sav-torgelow-ringen.de\/RV%20MV2\/wordpress_341-de\/wordpress\/?p=2090"},"modified":"2013-08-26T10:14:49","modified_gmt":"2013-08-26T08:14:49","slug":"auftaktniederlage-fuer-nachwuchsringer-in-der-jugendliga","status":"publish","type":"post","link":"https:\/\/www.ringen-mv.de\/?p=2090","title":{"rendered":"Auftaktniederlage f\u00fcr Nachwuchsringer in der Jugendliga"},"content":{"rendered":"<p style=\"text-align: justify;\"><a href=\"http:\/\/www.ringen-mv.de\/wp-content\/uploads\/2013\/04\/Logo-KG-Vorpommern.jpg\"><img loading=\"lazy\" decoding=\"async\" class=\"alignleft size-thumbnail wp-image-1518\" alt=\"Logo KG Vorpommern\" src=\"http:\/\/www.ringen-mv.de\/wp-content\/uploads\/2013\/04\/Logo-KG-Vorpommern-150x150.jpg\" width=\"150\" height=\"150\" \/><\/a>Die Nachwuchsringer aus der Region haben mit ihren K\u00e4mpfen in der Jugendliga begonnen. Inzwischen nehmen 10 Mannschaften in 2 Staffeln an diesen Wettbewerb teil.<br \/>\nIn der Staffel B treffen dabei die Mannschaften der Berliner Nordlichter, des SC Roland Hamburg, der KG L\u00fcbtheen\/Demmin, der KG Rostock\/Warnem\u00fcnde und der KG Vorpommern (Greifswalder RV\/SAV Torgelow) aufeinander.<!--more--><\/p>\n<p style=\"text-align: justify;\">F\u00fcr die Jungs und auch M\u00e4dchen zwischen 6 und 14 Jahren geht es darum zu lernen vor einer begeisterten Kulisse zu k\u00e4mpfen und Teamgeist f\u00fcr die Mannschaft zu entwickeln.<br \/>\nEs kann schon mal vorkommen dass man dabei auch einem bedeutend \u00e4lterem Gegner gegen\u00fcbersteht und man sich beweisen muss. Oft bringt dann schon eine knappe Niederlage z\u00e4hlbares f\u00fcr ein g\u00fcnstiges Mannschaftsergebnis.<\/p>\n<p style=\"text-align: justify;\">Auch die KG Vorpommern hat sich entschieden in diesem Jahr mit ihrer teilweise noch sehr jungen Truppe an diesen K\u00e4mpfen teilzunehmen. Einige Sportler trainieren gerade mal einige Monate diesen tollen und fairen Kampfsport.<br \/>\nNur im schwersten Limit stehen den Verantwortlichen aus dem Gebiet von Vorpommern-Greifswald Athleten des \u00e4ltesten Jahrganges zur Verf\u00fcgung und das dann allerdings gleich mehrfach.<\/p>\n<p style=\"text-align: justify;\">Nun musste man zum ersten Duell gleich die weiteste Strecke bew\u00e4ltigen. Beim SC Roland Hamburg galt es den ersten Kampf zu bestehen. Nach den 10 K\u00e4mpfen musste man dann eine erwartete 36 zu 4 Niederlage einstecken. Gerade mal ein Sieg durch Artur Schmidt gelang den G\u00e4sten an der Alster. Den l\u00e4ngsten Kampf des Nachmittags absolvierte Tillmann Sch\u00f6ne, aber auch er konnte in der 2 Runde die Niederlage nicht vermeiden.<br \/>\nF\u00fcr die Vorpommern-Ringer waren im Einsatz: 28 kg Anton Lemke, 31 kg Ilja Sch\u00f6ne, 34 kg Albert Frommholz, 38 kg Marlon Pl\u00f6nske, 42 kg Maurice Fittig, 46 kg Tim Wichmann, 50 kg Geworg Ibashyan, 55 kg Tilman Sch\u00f6ne, 63 kg Dennis Hula und +63 kg Artur Schmidt.<\/p>\n<div id=\"attachment_2092\" style=\"width: 810px\" class=\"wp-caption alignleft\"><a href=\"http:\/\/www.ringen-mv.de\/wp-content\/uploads\/2013\/08\/Artur-Schmidt.jpg\"><img loading=\"lazy\" decoding=\"async\" aria-describedby=\"caption-attachment-2092\" class=\"size-full wp-image-2092\" alt=\"Artur Schmidt\" src=\"http:\/\/www.ringen-mv.de\/wp-content\/uploads\/2013\/08\/Artur-Schmidt.jpg\" width=\"800\" height=\"633\" srcset=\"https:\/\/www.ringen-mv.de\/wp-content\/uploads\/2013\/08\/Artur-Schmidt.jpg 800w, https:\/\/www.ringen-mv.de\/wp-content\/uploads\/2013\/08\/Artur-Schmidt-300x237.jpg 300w, https:\/\/www.ringen-mv.de\/wp-content\/uploads\/2013\/08\/Artur-Schmidt-500x395.jpg 500w\" sizes=\"auto, (max-width: 800px) 100vw, 800px\" \/><\/a><p id=\"caption-attachment-2092\" class=\"wp-caption-text\">Artur Schmidt<\/p><\/div>\n<p style=\"text-align: justify;\">Ergebnisse der ersten K\u00e4mpfe:<br \/>\nBerliner Nordlichter \u2013 KG L\u00fcbtheen\/Demmin 25:15<br \/>\nKG Rostock\/Warnem\u00fcnde \u2013 Berliner Nordlichter 20:20<br \/>\nSC Roland Hamburg \u2013 KG Vorpommern 36:4.<\/p>\n<p style=\"text-align: justify;\">Am kommenden Wochenende hat die KG Vorpommern dann gleich einen Doppelheimkampf zu absolvieren. Im Greifswalder Sportcentrum in der Karl-Krull-Stra\u00dfe beginnen dann die Mannschaftsk\u00e4mpfe gegen die KG Rostock\/Warnem\u00fcnde und die KG L\u00fcbtheen\/Demmin ab 15 Uhr.<\/p>\n<p style=\"text-align: justify;\">Uwe Bremer<\/p>\n<p style=\"text-align: justify;\">\u00a0<\/p>\n<div id=\"attachment_2091\" style=\"width: 810px\" class=\"wp-caption alignleft\"><a href=\"http:\/\/www.ringen-mv.de\/wp-content\/uploads\/2013\/08\/KG-Vorpommern.jpg\"><img loading=\"lazy\" decoding=\"async\" aria-describedby=\"caption-attachment-2091\" class=\"size-full wp-image-2091\" alt=\"KG Vorpommern\" src=\"http:\/\/www.ringen-mv.de\/wp-content\/uploads\/2013\/08\/KG-Vorpommern.jpg\" width=\"800\" height=\"646\" srcset=\"https:\/\/www.ringen-mv.de\/wp-content\/uploads\/2013\/08\/KG-Vorpommern.jpg 800w, https:\/\/www.ringen-mv.de\/wp-content\/uploads\/2013\/08\/KG-Vorpommern-300x242.jpg 300w, https:\/\/www.ringen-mv.de\/wp-content\/uploads\/2013\/08\/KG-Vorpommern-500x403.jpg 500w\" sizes=\"auto, (max-width: 800px) 100vw, 800px\" \/><\/a><p id=\"caption-attachment-2091\" class=\"wp-caption-text\">KG Vorpommern<\/p><\/div>\n","protected":false},"excerpt":{"rendered":"<p>Die Nachwuchsringer aus der Region haben mit ihren K\u00e4mpfen in der Jugendliga begonnen. Inzwischen nehmen 10 Mannschaften in 2 Staffeln an diesen Wettbewerb teil. In der Staffel B treffen dabei die Mannschaften der Berliner Nordlichter, des SC Roland Hamburg, der KG L\u00fcbtheen\/Demmin, der KG Rostock\/Warnem\u00fcnde und der KG<\/p>\n","protected":false},"author":2,"featured_media":0,"comment_status":"open","ping_status":"open","sticky":false,"template":"","format":"standard","meta":{"footnotes":""},"categories":[11,9,8],"tags":[],"class_list":["post-2090","post","type-post","status-publish","format-standard","hentry","category-demmin","category-greifswald","category-torgelow"],"_links":{"self":[{"href":"https:\/\/www.ringen-mv.de\/index.php?rest_route=\/wp\/v2\/posts\/2090","targetHints":{"allow":["GET"]}}],"collection":[{"href":"https:\/\/www.ringen-mv.de\/index.php?rest_route=\/wp\/v2\/posts"}],"about":[{"href":"https:\/\/www.ringen-mv.de\/index.php?rest_route=\/wp\/v2\/types\/post"}],"author":[{"embeddable":true,"href":"https:\/\/www.ringen-mv.de\/index.php?rest_route=\/wp\/v2\/users\/2"}],"replies":[{"embeddable":true,"href":"https:\/\/www.ringen-mv.de\/index.php?rest_route=%2Fwp%2Fv2%2Fcomments&post=2090"}],"version-history":[{"count":4,"href":"https:\/\/www.ringen-mv.de\/index.php?rest_route=\/wp\/v2\/posts\/2090\/revisions"}],"predecessor-version":[{"id":2096,"href":"https:\/\/www.ringen-mv.de\/index.php?rest_route=\/wp\/v2\/posts\/2090\/revisions\/2096"}],"wp:attachment":[{"href":"https:\/\/www.ringen-mv.de\/index.php?rest_route=%2Fwp%2Fv2%2Fmedia&parent=2090"}],"wp:term":[{"taxonomy":"category","embeddable":true,"href":"https:\/\/www.ringen-mv.de\/index.php?rest_route=%2Fwp%2Fv2%2Fcategories&post=2090"},{"taxonomy":"post_tag","embeddable":true,"href":"https:\/\/www.ringen-mv.de\/index.php?rest_route=%2Fwp%2Fv2%2Ftags&post=2090"}],"curies":[{"name":"wp","href":"https:\/\/api.w.org\/{rel}","templated":true}]}}