{"id":2099,"date":"2013-08-28T07:44:39","date_gmt":"2013-08-28T05:44:39","guid":{"rendered":"http:\/\/www.sav-torgelow-ringen.de\/RV%20MV2\/wordpress_341-de\/wordpress\/?p=2099"},"modified":"2013-08-28T07:47:57","modified_gmt":"2013-08-28T05:47:57","slug":"ein-erster-hauch-von-bundesliga","status":"publish","type":"post","link":"https:\/\/www.ringen-mv.de\/?p=2099","title":{"rendered":"Ein erster Hauch von Bundesliga"},"content":{"rendered":"<p style=\"text-align: justify;\"><a href=\"http:\/\/www.ringen-mv.de\/wp-content\/uploads\/2013\/07\/ringerlogosmall.png\"><img loading=\"lazy\" decoding=\"async\" class=\"alignleft size-full wp-image-1965\" alt=\"ringerlogosmall\" src=\"http:\/\/www.ringen-mv.de\/wp-content\/uploads\/2013\/07\/ringerlogosmall.png\" width=\"155\" height=\"153\" \/><\/a>Die Stimmung im Festzelt hatte schon etwas von Bundesliga-Atmosph\u00e4re. Die Ringer des RV L\u00fcbtheen, die dank ihres Regionalliga-Staffelsieges in der im September beginnenden Saison in der zweith\u00f6chsten deutschen Klasse starten werden, nutzten die 650-Jahrfeier der Lindenstadt, um sich vor einem breiten Publikum zu pr\u00e4sentieren. Als Gegner wartete mit dem RSV Rotation Greiz eine echte Gr\u00f6\u00dfe im deutschen Ringkampfsport. Die Th\u00fcringer hatten die weite Anreise, die durch Stau-Stehen noch um zwei Stunden verl\u00e4ngert wurde, in Kauf genommen, um die alte Sportlerfreundschaft mit den L\u00fcbtheenern aufzufrischen.<\/p>\n<p style=\"text-align: justify;\"><!--more--><\/p>\n<div style=\"text-align: justify;\">Zuletzt stand man sich vor 20 Jahren in einem freundschaftlichen Vergleich gegen\u00fcber. Der Umzug aus der angestammten Heimst\u00e4tte, der Hans-Oldag-Halle, in das Festzelt erforderte schon ein gewisses Improvisationstalent. Aber da alle mit anpackten, war die Matte nach dem Auszug der Musikkapelle schnell aufgebaut. Die Sitzb\u00e4nke wurden von dem ein oder anderen zur Trib\u00fcne umfunktioniert, um so aus stehender Position einen m\u00f6glichst guten Blick erhaschen zu k\u00f6nnen. Der\u00a0 Zuschauerraum f\u00fcllte sich und es wurde \u201egem\u00fctlich\u201c warm, von klimatisiert konnte keine Rede sein. \u201eVergesst bitte nicht, das ist heute alles nur ein Vorgeschmack, wir haben da noch was in petto\u201c, machte der Vereinsvorsitzende des RVL, Bert Compas, zum Einstieg gleich einmal Appetit auf die Meisterschaft. Da beiden Mannschaften nicht die Bestbesetzung zur Verf\u00fcgung stand, den Zuschauern aber wie bei einem Bundesliga-Vergleich zehn K\u00e4mpfe geboten werden sollten, waren einige Aktive zweimal in Aktion zu erleben und traten teilweise auch in einer anderen Gewichtsklasse oder Stilart an. Als der durch das Programm f\u00fchrende sportliche Leiter der L\u00fcbtheener, Frank Oldag, auf dem Podium Csaba M\u00e1trah\u00e1zi aufrief, war erstmals richtig Stimmung unterm Dach. Der inzwischen 73-J\u00e4hrige ist der Vater der L\u00fcbtheener Ringergeschichte, hat seinen Sport 1968 aus der Heimat Ungarn mitgebracht: \u201eIch hatte immer im Hinterkopf, diese sch\u00f6ne Sportart zu vermitteln. Dass dieser Gedanke hier bis heute eine Fortsetzung findet, erf\u00fcllt mich mit Stolz. Der Verein ist in guten H\u00e4nden.\u201c Unter seinen Fittichen stand auch Torsten Schmal, mit 48 Jahren Senior der L\u00fcbtheener Mannschaft: \u201eIch bin topfit, und es reizt mich, noch einmal gegen so hochklassige Gegner anzutreten.\u201c<\/div>\n<div style=\"text-align: justify;\">\u00a0<\/div>\n<ul>\n<li>\n<div style=\"text-align: justify;\"><a href=\"http:\/\/www.ringen-luebtheen.de\/?p=1819\" target=\"_blank\">\u00a0weiterlesen + Bilder<\/a><\/div>\n<\/li>\n<\/ul>\n<div style=\"text-align: justify;\">\u00a0<\/div>\n<div style=\"text-align: justify;\">&#8211;<\/div>\n","protected":false},"excerpt":{"rendered":"<p>Die Stimmung im Festzelt hatte schon etwas von Bundesliga-Atmosph\u00e4re. Die Ringer des RV L\u00fcbtheen, die dank ihres Regionalliga-Staffelsieges in der im September beginnenden Saison in der zweith\u00f6chsten deutschen Klasse starten werden, nutzten die 650-Jahrfeier der Lindenstadt, um sich vor einem breiten Publikum zu pr\u00e4sentieren. Als Gegner wartete mit<\/p>\n","protected":false},"author":1,"featured_media":0,"comment_status":"open","ping_status":"open","sticky":false,"template":"","format":"standard","meta":{"footnotes":""},"categories":[4],"tags":[],"class_list":["post-2099","post","type-post","status-publish","format-standard","hentry","category-lubtheen"],"_links":{"self":[{"href":"https:\/\/www.ringen-mv.de\/index.php?rest_route=\/wp\/v2\/posts\/2099","targetHints":{"allow":["GET"]}}],"collection":[{"href":"https:\/\/www.ringen-mv.de\/index.php?rest_route=\/wp\/v2\/posts"}],"about":[{"href":"https:\/\/www.ringen-mv.de\/index.php?rest_route=\/wp\/v2\/types\/post"}],"author":[{"embeddable":true,"href":"https:\/\/www.ringen-mv.de\/index.php?rest_route=\/wp\/v2\/users\/1"}],"replies":[{"embeddable":true,"href":"https:\/\/www.ringen-mv.de\/index.php?rest_route=%2Fwp%2Fv2%2Fcomments&post=2099"}],"version-history":[{"count":5,"href":"https:\/\/www.ringen-mv.de\/index.php?rest_route=\/wp\/v2\/posts\/2099\/revisions"}],"predecessor-version":[{"id":2104,"href":"https:\/\/www.ringen-mv.de\/index.php?rest_route=\/wp\/v2\/posts\/2099\/revisions\/2104"}],"wp:attachment":[{"href":"https:\/\/www.ringen-mv.de\/index.php?rest_route=%2Fwp%2Fv2%2Fmedia&parent=2099"}],"wp:term":[{"taxonomy":"category","embeddable":true,"href":"https:\/\/www.ringen-mv.de\/index.php?rest_route=%2Fwp%2Fv2%2Fcategories&post=2099"},{"taxonomy":"post_tag","embeddable":true,"href":"https:\/\/www.ringen-mv.de\/index.php?rest_route=%2Fwp%2Fv2%2Ftags&post=2099"}],"curies":[{"name":"wp","href":"https:\/\/api.w.org\/{rel}","templated":true}]}}