{"id":2135,"date":"2013-09-09T07:32:49","date_gmt":"2013-09-09T05:32:49","guid":{"rendered":"http:\/\/www.sav-torgelow-ringen.de\/RV%20MV2\/wordpress_341-de\/wordpress\/?p=2135"},"modified":"2013-09-09T10:30:44","modified_gmt":"2013-09-09T08:30:44","slug":"die-ringer-bleiben-auch-ueber-2016-hinaus-im-olympischen-programm","status":"publish","type":"post","link":"https:\/\/www.ringen-mv.de\/?p=2135","title":{"rendered":"Die Ringer bleiben auch \u00fcber 2016 hinaus im olympischen Programm"},"content":{"rendered":"<p style=\"text-align: justify;\"><a href=\"http:\/\/www.ringen-mv.de\/wp-content\/uploads\/2013\/03\/rumo3.png\"><img loading=\"lazy\" decoding=\"async\" class=\"alignleft size-thumbnail wp-image-1161\" alt=\"rumo3\" src=\"http:\/\/www.ringen-mv.de\/wp-content\/uploads\/2013\/03\/rumo3-150x150.png\" width=\"150\" height=\"150\" \/><\/a>Buenos Aires \u2013 Ringen bleibt auch \u00fcber 2016 hinaus Bestandteil des olympischen Programm&#8217;s, das beschloss am Sonntagabend die IOC-Vollversammlung in Buenos Aires. Damit katapultierte sich die wohl \u00e4lteste Kampfsportart der Welt nach der Empfehlung der IOC-Exekutive im Februar, Ringen aus dem olympischen Programm zu nehmen, mit zahlreichen Reformen umgehend wieder unter die 25 Kernsportarten und wendete damit den Absturz in die Bedeutungslosigkeit ab.<\/p>\n<p style=\"text-align: justify;\"><!--more--><\/p>\n<p style=\"text-align: justify;\">Die IOC-Vollversammlung w\u00e4hlte die Ringer mit gro\u00dfer Mehrheit von 49 Stimmen gleich im ersten Wahlgang zur\u00fcck ins olympische Programm. Auf die Mitkonkurrenten Baseball\/Softball entfielen 24 Stimmen, Squash erhielt 22 Stimmen.<\/p>\n<h2 style=\"text-align: justify;\"><strong>* * *<\/strong><\/h2>\n<p style=\"text-align: justify;\"><strong>Erkl\u00e4rung des Deutschen Ringer-Bundes (DRB) zur positiven Entscheidung des IOC<\/strong> bez\u00fcglich Ringen als olympische Sportart (Vollversammlung des IOC, Buenos Aires, 08.09.2013)<\/p>\n<p style=\"text-align: justify;\">In den letzten Monaten haben der Ringer Welt-Verband FILA und alle nationalen Verb\u00e4nde die vom IOC im Februar angemahnten Reformen z\u00fcgig angepackt. Wir haben jede Menge bewegt und waren \u00fcberzeugt, auf dem richtigen Weg zu sein. Unser Ziel war und ist, Ringen wieder als attraktiven Kampfsport und die Organisationen modernisiert pr\u00e4sentieren zu k\u00f6nnen.<\/p>\n<p style=\"text-align: justify;\">Wir sind nun \u00fcbergl\u00fccklich, dass die IOC-Vollversammlung der Empfehlung des Exekutiv-Ausschusses vom Mai gefolgt ist und Ringen weiter zur Familie der olympischen Sportarten z\u00e4hlt.<\/p>\n<p style=\"text-align: justify;\">Die Ringerinnen und Ringer auf der ganzen Welt sind erleichtert, dass ihr ganz pers\u00f6nlicher Traum von Olympia als st\u00e4rkster Motivationsfaktor erhalten bleibt und feiern die Entscheidung begeistert.<\/p>\n<p style=\"text-align: justify;\">Unser Kampf hat sich gelohnt. Unser Dank geht an allen Unterst\u00fctzern aus Sport, Politik und Wirtschaft, sowie der gesamten Ringerfamilie, die uns auf diesem Weg Ihre volle Solidarit\u00e4t zukommen haben lassen. Nun geht es darum, die in den letzten Monaten angesto\u00dfenen Reformen auch konsequent umzusetzen. Der DRB sieht das Ganze als Weckruf. Denn eine Sportart wie Ringen, die zwar von Anfang an olympisch war, heute aber nicht immer im Zentrum der Berichterstattung und eines breiten Publikumsinteresses steht, sollte sich nie mehr in einer falschen Sicherheit wiegen. Es geht darum, dauerhaft attraktiv und reformwillig zu sein, ohne den Kern der Sportart zu verw\u00e4ssern. Wir im DRB sind bereit dazu.<\/p>\n<p style=\"text-align: justify;\">Manfred Werner<br \/>\nPr\u00e4sident DRB<\/p>\n<p style=\"text-align: justify;\"><strong>* * *<\/strong><\/p>\n<p style=\"text-align: justify;\">Im Februar diesen Jahres hatte die IOC-Exekutive empfohlen, Ringen aus dem olympischen Programm zu streichen, was f\u00fcr eine weltweite Protestwelle sorgte. Politiker, Partner aus der Wirtschaft, aber auch zahlreiche Athleten aus anderen Sportarten solidarisierten sich mit den Ringern und unterst\u00fctzten den Kampf der Mattenf\u00fcchse, die sich selbst binnen kurzer Zeit zahlreichen Reformen unterwarfen. Der einstige Pr\u00e4sident des Weltverbandes FILA, Raphael Martinetti (Schweiz) musste gehen, der Serbe Nenad Lalovic \u00fcbernahm dieses Amt und erwies sich als Reformer, der mit vielerlei Neuerungen im Regelwerk und in der Struktur des Weltverbandes, schon Ende Mai die IOC-Exekutive bei einer erneuten Pr\u00e4sentation der Ringer in St. Petersburg (RUS) zu \u00fcberzeugen wusste, die den Ringkampfsport daraufhin neben Squash und Baseball\/Softball auf die Short-List f\u00fcr die IOC-Vollversammlung setzte. Im Kampf Ringen als olympische Disziplin zu erhalten, \u00fcbersprangen gar politische Feinde schier un\u00fcberwindliche Klippen, selbst die USA, der Iran und Russland b\u00fcndelten die Kr\u00e4fte, z\u00e4hlen in allen drei Nationen die Ringer zu den angesehensten- und auch erfolgreichsten Sportlern. 20.000 Iraner feierten beim Weltcup in Teheran die US-Mannschaft, ein Freundschaftskampf zwischen den US-Ringern und Iran fand in New York ebenso riesigen, medialen Anklang.<\/p>\n<p style=\"text-align: justify;\">Auch durch Deutschland schwappte eine Welle der Sympathie f\u00fcr die Ringer, gepaart mit dem Unverst\u00e4ndnis, dass eine der \u00e4ltesten Sportarten der Welt aus dem Olymp geworfen werden sollte. Ringen um Olympia wurde gar zum Tagesordnungspunkt im Bundestag, hochrangige, deutsche Politiker sprachen sich f\u00fcr den Verbleib des Ringkampfsportes im olympischen Programm aus.. Viele Aktionen begleiteten die Proteste der Ringer, die damit etwas aus der Nische der Randsportarten heraustraten und nun ausgerechnet mit ihrer Existenzfrage im Rampenlicht der Medien stehen. Der Status einer olympischen Sportart ist mit F\u00f6rdermitteln und Zusch\u00fcssen verbunden, so geht es vor allem um Trainerstellen, Leistungszentren und Kaderstatus der Athleten.<br \/>\nNun k\u00f6nnen die Ringer weltweit \u2013 unter dem Dach des Weltverbandes FILA sind Ringer aus 177 Nationen vereinigt \u2013 aufatmen, wollen es jedoch nach den Worten des FILA-Pr\u00e4sidenten Nenad Lalovic (Serbien) nicht beim Jubeln belassen; \u201e\u2026 Ich versichere ihnen allen, dass unsere Modernisierung jetzt nicht aufh\u00f6ren wird. Wir werden unsere Bem\u00fchungen fortsetzen, wollen der beste Partner der olympischen Bewegung sein, der wir sein k\u00f6nnen&#8220;, verspricht Reformer Lalovic der IOC-Vollversammlung, den eingeschlagenen Weg fortzusetzen.<br \/>\nAm 16. September beginnt die Weltmeisterschaft der Ringer in Budapest (HUN), aus der ungarischen Hauptstadt wird nunmehr Partystimmung signalisiert, an jedem der 7 Wettkampftage werden \u00fcber 10.000 Fans in der Laszlo Popp-Arena den Verbleib im olympischen Programm feiern.<\/p>\n<p style=\"text-align: justify;\">J\u00f6rg Richter<\/p>\n<p>&nbsp;<\/p>\n","protected":false},"excerpt":{"rendered":"<p>Buenos Aires \u2013 Ringen bleibt auch \u00fcber 2016 hinaus Bestandteil des olympischen Programm&#8217;s, das beschloss am Sonntagabend die IOC-Vollversammlung in Buenos Aires. Damit katapultierte sich die wohl \u00e4lteste Kampfsportart der Welt nach der Empfehlung der IOC-Exekutive im Februar, Ringen aus dem olympischen Programm zu nehmen, mit zahlreichen Reformen<\/p>\n","protected":false},"author":2,"featured_media":0,"comment_status":"open","ping_status":"open","sticky":false,"template":"","format":"standard","meta":{"footnotes":""},"categories":[1],"tags":[],"class_list":["post-2135","post","type-post","status-publish","format-standard","hentry","category-allgemein"],"_links":{"self":[{"href":"https:\/\/www.ringen-mv.de\/index.php?rest_route=\/wp\/v2\/posts\/2135","targetHints":{"allow":["GET"]}}],"collection":[{"href":"https:\/\/www.ringen-mv.de\/index.php?rest_route=\/wp\/v2\/posts"}],"about":[{"href":"https:\/\/www.ringen-mv.de\/index.php?rest_route=\/wp\/v2\/types\/post"}],"author":[{"embeddable":true,"href":"https:\/\/www.ringen-mv.de\/index.php?rest_route=\/wp\/v2\/users\/2"}],"replies":[{"embeddable":true,"href":"https:\/\/www.ringen-mv.de\/index.php?rest_route=%2Fwp%2Fv2%2Fcomments&post=2135"}],"version-history":[{"count":6,"href":"https:\/\/www.ringen-mv.de\/index.php?rest_route=\/wp\/v2\/posts\/2135\/revisions"}],"predecessor-version":[{"id":2147,"href":"https:\/\/www.ringen-mv.de\/index.php?rest_route=\/wp\/v2\/posts\/2135\/revisions\/2147"}],"wp:attachment":[{"href":"https:\/\/www.ringen-mv.de\/index.php?rest_route=%2Fwp%2Fv2%2Fmedia&parent=2135"}],"wp:term":[{"taxonomy":"category","embeddable":true,"href":"https:\/\/www.ringen-mv.de\/index.php?rest_route=%2Fwp%2Fv2%2Fcategories&post=2135"},{"taxonomy":"post_tag","embeddable":true,"href":"https:\/\/www.ringen-mv.de\/index.php?rest_route=%2Fwp%2Fv2%2Ftags&post=2135"}],"curies":[{"name":"wp","href":"https:\/\/api.w.org\/{rel}","templated":true}]}}