{"id":2151,"date":"2013-09-11T10:25:15","date_gmt":"2013-09-11T08:25:15","guid":{"rendered":"http:\/\/www.sav-torgelow-ringen.de\/RV%20MV2\/wordpress_341-de\/wordpress\/?p=2151"},"modified":"2013-09-11T10:25:15","modified_gmt":"2013-09-11T08:25:15","slug":"zum-ersten-bundesligakampf-gastiert-der-av-markneukirchen","status":"publish","type":"post","link":"https:\/\/www.ringen-mv.de\/?p=2151","title":{"rendered":"Zum ersten Bundesligakampf gastiert der AV Markneukirchen"},"content":{"rendered":"<p style=\"text-align: justify;\"><a href=\"http:\/\/www.ringen-mv.de\/wp-content\/uploads\/2013\/07\/ringerlogosmall.png\"><img loading=\"lazy\" decoding=\"async\" class=\"alignleft size-full wp-image-1965\" alt=\"ringerlogosmall\" src=\"http:\/\/www.ringen-mv.de\/wp-content\/uploads\/2013\/07\/ringerlogosmall.png\" width=\"134\" height=\"135\" \/><\/a>Der Neuling in der 2. Ringerbundesliga darf sich zum Saisonstart auf den Athletenverein \u201cGermania\u201d Markneukirchen freuen. Die Ringer aus dem s\u00e4chsischen Vogtland k\u00e4mpfen schon seit Anfang der 90er Jahre erfolgreich in der 1. und 2. Bundesliga. In der 1. Bundesliga konnte man sich mehrfach f\u00fcr die Viertelfinalk\u00e4mpfe qualifizieren.<\/p>\n<p style=\"text-align: justify;\"><!--more--><\/p>\n<p style=\"text-align: justify;\">Seit 2010 startet der Traditionsverein mit einer \u00fcber 100-J\u00e4hrigen Vereinsgeschichte in der 2. Bundesliga. Im vergangenen Jahr sicherte man sich den 3. Platz und auch diesem Jahr visieren die Vogtl\u00e4nder die vorderen Pl\u00e4tze an. Ein besonderes Highlight bei dieser Begegnung wird das Wiedersehen mit dem ehemaligen L\u00fcbtheener Andre Backhaus sein. Der Ex-Europameister, der in Markneukirchen als Trainer und in der 84 kg-Klasse aktiv ist, freut sich besonders dar\u00fcber, noch einmal in L\u00fcbtheen antreten zu d\u00fcrfen: \u201cF\u00fcr mich geht ganz einfach ein lang gehegter Traum in Erf\u00fcllung noch einmal als Ringer in die alte Heimat zur\u00fcckzukehren!\u201d so Backhaus.<br \/>\nDas Aufsteigerteam des RV L\u00fcbtheen wird jedenfalls alles geben, um vor heimischer Kulisse mit einem Sieg f\u00fcr eine \u00dcberraschung zu sorgen!<\/p>\n<p style=\"text-align: justify;\">W\u00e4hrenddessen haben die Ringer der Jugendliga bereits zwei Begegnungen hinter sich. Wie schon im vergangenen Jahr hat der RV L\u00fcbtheen eine Kampfgemeinschaft mit dem Demminer RV. Der Auftakt gegen die Nordlichter Berlin ging mit 25:15 verloren. Im Kampf gegen die KG Vorpommern wurden beim 24:16 Sieg die ersten Punkte eingefahren. Probleme gibt es bei den leichten Gewichtsklassen, da die Kampfgemeinschaft hier sehr junge Ringer am Start hat und Daniel Becker auch noch mit einer Ellenbogenverletzung l\u00e4ngere Zeit ausf\u00e4llt. Am kommenden Samstag um 17:00 Uhr gibt es dann die Heimpremiere. Es kommt mit dem SC Roland Hamburg die wohl st\u00e4rkste Mannschaft der Gruppe. Darum gilt es nat\u00fcrlich die Mannschaft optimal aufzustellen, damit wir unseren ersten Heimsieg feiern k\u00f6nnen!\u00a0<\/p>\n<p style=\"text-align: justify;\"><a href=\"http:\/\/www.ringen-luebtheen.de\/?p=1900\" target=\"_blank\">&gt;&gt; weiterlesen<\/a><\/p>\n","protected":false},"excerpt":{"rendered":"<p>Der Neuling in der 2. Ringerbundesliga darf sich zum Saisonstart auf den Athletenverein \u201cGermania\u201d Markneukirchen freuen. Die Ringer aus dem s\u00e4chsischen Vogtland k\u00e4mpfen schon seit Anfang der 90er Jahre erfolgreich in der 1. und 2. Bundesliga. In der 1. Bundesliga konnte man sich mehrfach f\u00fcr die Viertelfinalk\u00e4mpfe qualifizieren.<\/p>\n","protected":false},"author":1,"featured_media":0,"comment_status":"open","ping_status":"open","sticky":false,"template":"","format":"standard","meta":{"footnotes":""},"categories":[4],"tags":[],"class_list":["post-2151","post","type-post","status-publish","format-standard","hentry","category-lubtheen"],"_links":{"self":[{"href":"https:\/\/www.ringen-mv.de\/index.php?rest_route=\/wp\/v2\/posts\/2151","targetHints":{"allow":["GET"]}}],"collection":[{"href":"https:\/\/www.ringen-mv.de\/index.php?rest_route=\/wp\/v2\/posts"}],"about":[{"href":"https:\/\/www.ringen-mv.de\/index.php?rest_route=\/wp\/v2\/types\/post"}],"author":[{"embeddable":true,"href":"https:\/\/www.ringen-mv.de\/index.php?rest_route=\/wp\/v2\/users\/1"}],"replies":[{"embeddable":true,"href":"https:\/\/www.ringen-mv.de\/index.php?rest_route=%2Fwp%2Fv2%2Fcomments&post=2151"}],"version-history":[{"count":1,"href":"https:\/\/www.ringen-mv.de\/index.php?rest_route=\/wp\/v2\/posts\/2151\/revisions"}],"predecessor-version":[{"id":2152,"href":"https:\/\/www.ringen-mv.de\/index.php?rest_route=\/wp\/v2\/posts\/2151\/revisions\/2152"}],"wp:attachment":[{"href":"https:\/\/www.ringen-mv.de\/index.php?rest_route=%2Fwp%2Fv2%2Fmedia&parent=2151"}],"wp:term":[{"taxonomy":"category","embeddable":true,"href":"https:\/\/www.ringen-mv.de\/index.php?rest_route=%2Fwp%2Fv2%2Fcategories&post=2151"},{"taxonomy":"post_tag","embeddable":true,"href":"https:\/\/www.ringen-mv.de\/index.php?rest_route=%2Fwp%2Fv2%2Ftags&post=2151"}],"curies":[{"name":"wp","href":"https:\/\/api.w.org\/{rel}","templated":true}]}}