{"id":2226,"date":"2013-09-25T11:21:30","date_gmt":"2013-09-25T09:21:30","guid":{"rendered":"http:\/\/www.sav-torgelow-ringen.de\/RV%20MV2\/wordpress_341-de\/wordpress\/?p=2226"},"modified":"2013-09-25T11:21:30","modified_gmt":"2013-09-25T09:21:30","slug":"aus-und-fortbildung-uebungsleiter-und-kampfrichter","status":"publish","type":"post","link":"https:\/\/www.ringen-mv.de\/?p=2226","title":{"rendered":"Aus- und Fortbildung \u00dcbungsleiter und Kampfrichter"},"content":{"rendered":"<p><a href=\"http:\/\/www.ringen-mv.de\/wp-content\/uploads\/2012\/09\/RV-MV-logo1.png\"><img loading=\"lazy\" decoding=\"async\" class=\"alignleft size-thumbnail wp-image-176\" alt=\"RV MV logo\" src=\"http:\/\/www.ringen-mv.de\/wp-content\/uploads\/2012\/09\/RV-MV-logo1-150x150.png\" width=\"150\" height=\"150\" \/><\/a>Der Lehrgang<br \/>\nAus- und Fortbildung \u00dcbungsleiter und Kampfrichter<br \/>\nfindet vom 25.-27.10. in Demmin statt.<br \/>\nBitte meldet hierzu euren Bedarf an!<br \/>\nWir bitten um R\u00fcckmeldung wer daran teilnehmen m\u00f6chte.<\/p>\n","protected":false},"excerpt":{"rendered":"<p>Der Lehrgang Aus- und Fortbildung \u00dcbungsleiter und Kampfrichter findet vom 25.-27.10. in Demmin statt. Bitte meldet hierzu euren Bedarf an! Wir bitten um R\u00fcckmeldung wer daran teilnehmen m\u00f6chte.<\/p>\n","protected":false},"author":2,"featured_media":0,"comment_status":"open","ping_status":"open","sticky":false,"template":"","format":"standard","meta":{"footnotes":""},"categories":[1],"tags":[],"class_list":["post-2226","post","type-post","status-publish","format-standard","hentry","category-allgemein"],"_links":{"self":[{"href":"https:\/\/www.ringen-mv.de\/index.php?rest_route=\/wp\/v2\/posts\/2226","targetHints":{"allow":["GET"]}}],"collection":[{"href":"https:\/\/www.ringen-mv.de\/index.php?rest_route=\/wp\/v2\/posts"}],"about":[{"href":"https:\/\/www.ringen-mv.de\/index.php?rest_route=\/wp\/v2\/types\/post"}],"author":[{"embeddable":true,"href":"https:\/\/www.ringen-mv.de\/index.php?rest_route=\/wp\/v2\/users\/2"}],"replies":[{"embeddable":true,"href":"https:\/\/www.ringen-mv.de\/index.php?rest_route=%2Fwp%2Fv2%2Fcomments&post=2226"}],"version-history":[{"count":2,"href":"https:\/\/www.ringen-mv.de\/index.php?rest_route=\/wp\/v2\/posts\/2226\/revisions"}],"predecessor-version":[{"id":2228,"href":"https:\/\/www.ringen-mv.de\/index.php?rest_route=\/wp\/v2\/posts\/2226\/revisions\/2228"}],"wp:attachment":[{"href":"https:\/\/www.ringen-mv.de\/index.php?rest_route=%2Fwp%2Fv2%2Fmedia&parent=2226"}],"wp:term":[{"taxonomy":"category","embeddable":true,"href":"https:\/\/www.ringen-mv.de\/index.php?rest_route=%2Fwp%2Fv2%2Fcategories&post=2226"},{"taxonomy":"post_tag","embeddable":true,"href":"https:\/\/www.ringen-mv.de\/index.php?rest_route=%2Fwp%2Fv2%2Ftags&post=2226"}],"curies":[{"name":"wp","href":"https:\/\/api.w.org\/{rel}","templated":true}]}}