{"id":2246,"date":"2013-09-30T16:59:32","date_gmt":"2013-09-30T14:59:32","guid":{"rendered":"http:\/\/www.sav-torgelow-ringen.de\/RV%20MV2\/wordpress_341-de\/wordpress\/?p=2246"},"modified":"2013-09-30T16:59:32","modified_gmt":"2013-09-30T14:59:32","slug":"luebtheener-loewen-haben-ihre-krallen-gezeigt","status":"publish","type":"post","link":"https:\/\/www.ringen-mv.de\/?p=2246","title":{"rendered":"L\u00fcbtheener L\u00f6wen haben ihre Krallen gezeigt"},"content":{"rendered":"<p style=\"text-align: justify;\"><a href=\"http:\/\/www.ringen-mv.de\/wp-content\/uploads\/2013\/07\/ringerlogosmall.png\"><img loading=\"lazy\" decoding=\"async\" class=\"alignleft  wp-image-1965\" alt=\"ringerlogosmall\" src=\"http:\/\/www.ringen-mv.de\/wp-content\/uploads\/2013\/07\/ringerlogosmall.png\" width=\"126\" height=\"126\" \/><\/a>Ausgerechnet erst bei ihrem ersten Ausw\u00e4rtskampf in der 2. Bundesliga haben die L\u00fcbtheener Ringer einen achtungsvollen Sieg mit 19:15 gegen die Auswahl des KSC Motor Jena erringen k\u00f6nnen. Mit dem Refrain der L\u00fcbtheener Hymne: \u201eOh L\u00fcbtheen, meine Heimat. Du bist so wundersch\u00f6n anzusehen!\u201c machten sich die Mannschaft sowie der Vorstand mit einigen Fans aus der Lindenstadt auf den Weg nach Jena in die POM Arena. Vorstandschef und Trainer Bert Compas war sich sicher, heute werden wir den historisch ersten Sieg in der 2. Bundesliga f\u00fcr den RVL mit nach Hause bringen.<\/p>\n<p style=\"text-align: justify;\"><!--more--><\/p>\n<p style=\"text-align: justify;\">Dabei waren die Vorzeichen daf\u00fcr alles andere als viel versprechend, da Trainer Jens-Peter Sievertsen wegen krankheits- oder verletzungsbedingten Fehlens der Topathleten Christian N\u00fctzmann (66kg\/Freistil), Stefan Lippke (84kg\/griechisch-r\u00f6misch) und Alex Del (84kg\/Freistil) gezwungen war, notwendige \u00c4nderungen in der Mannschaftsaufstellung vorzunehmen.<\/p>\n<p style=\"text-align: justify;\">Nach einer freundlichen Begr\u00fc\u00dfung in der ausw\u00e4rtigen Halle durch die Gastgeber des KSC Motor Jena und dem obligatorischen Wiegen startete\u00a0Mitko Asenov\u00a0(55kg\/Fr., 4:0) souver\u00e4n in den Kampfabend. Er besiegte seinen jungen Gegner durch sauber durchgef\u00fchrte Techniken am Boden und zwang diesen in weniger als einer Minute auf die Schultern. Anschlie\u00dfend ging der bulgarische Juniorenmeister\u00a0Daniel Bankov\u00a0(120kg\/gr.-r.,0:4) auf die Jenaer Matte. Er versuchte den 20 Kg schwereren Toni Bernhardt zu werfen, wurde dabei jedoch abgefangen und verlor ungl\u00fccklich auf Schultern.\u00a0Alex Fuhr\u00a0(60kg\/gr.-r. ,0:3), und\u00a0Max Kriwoschein\u00a0(96kg\/Fr.,1:3), der verletzungsbedingt das erste Mal seit einem Monat wieder auf der Matte stand, konnten ihre K\u00e4mpfe trotz guter Leistungen leider nicht erfolgreich gestalten. In einem hart umk\u00e4mpften Duell gewann\u00a0Dennis Langner\u00a0(66 kg\/Fr., 2:1) gegen den Spitzenringer Mario Koch, in dem er diesen immer wieder mit blitzschnellen Beinangriffen attackierte.<\/p>\n<p style=\"text-align: justify;\">Mit einem R\u00fcckstand von 11:7 Z\u00e4hlern, aber lange noch nicht aussichtslos, ging der RVL in die 20-min\u00fctige Pause. Diese Zeit nutzten vor allem die Ringer, die bereits gek\u00e4mpft hatten um die nachfolgenden L\u00fcbtheener Athleten f\u00fcr die Aufholjagd zu unterst\u00fctzen.<\/p>\n<p style=\"text-align: justify;\">Furios ging es dann mit dem D\u00e4nen\u00a0Anders Ekstr\u00f6m\u00a0(66kg\/gr.-r., 4:0) auf L\u00fcbtheener Seite weiter. Er lie\u00df Max M\u00fcller keine Chance und beendete seinen Kampf mit einem Wurf wie aus dem Lehrbuch. Der L\u00fcbtheener Ligadeb\u00fctant\u00a0Ceven Matthes\u00a0(84kg\/gr.-r.,0:2) scheiterte anschlie\u00dfend mit einer Punktniederlage gegen Thomas Leffler. Nun galt es f\u00fcr die restlichen Sportler keinen Kampf mehr abzugeben. Den Anfang machte\u00a0Sebastian Otto\u00a0(84kg\/Fr., 2:1), der in einer hitzigen Begegnung einen k\u00fchlen Kopf bewahrte und somit seinen Gegner nach sechs langen Minuten haarscharf mit 8:7 Punkten besiegte. Routiniert, sicher und ohne jeden Zweifel am Sieg ging\u00a0Sebastian Novak\u00a0(74 kg\/Fr., 4:0) auf die Matte und verlie\u00df diese nach nur 59 Sekunden als Gewinner durch technische \u00dcberlegenheit. Die mitgereisten Fans waren au\u00dfer sich, denn nun schien ein erster Saisonsieg zum Greifen nahe. Der sympathische D\u00e4ne\u00a0Frederik Bjerrehuus\u00a0(74kg\/gr.-r., 2:1) sollte den Sack f\u00fcr die Lindenst\u00e4dter zu machen. Nach einem spannend ausgerungenen Kampf, der mit 2:3 f\u00fcr Bjerrehuus endete lagen sich Mannschaft und Fans freudetaumelnd in den Armen.<\/p>\n<p style=\"text-align: justify;\">Am kommenden Samstag empfangen die L\u00fcbtheener vor heimischer Spitzenkulisse den RV Thalheim, der derzeit das Schlusslicht der Liga bildet und hoffen auf einen ersten Heimsieg der noch jungen Saison.<\/p>\n<ul>\n<li><a href=\"http:\/\/www.ringen-luebtheen.de\/?p=2020\" target=\"_blank\">Bilder<\/a><\/li>\n<\/ul>\n","protected":false},"excerpt":{"rendered":"<p>Ausgerechnet erst bei ihrem ersten Ausw\u00e4rtskampf in der 2. Bundesliga haben die L\u00fcbtheener Ringer einen achtungsvollen Sieg mit 19:15 gegen die Auswahl des KSC Motor Jena erringen k\u00f6nnen. Mit dem Refrain der L\u00fcbtheener Hymne: \u201eOh L\u00fcbtheen, meine Heimat. Du bist so wundersch\u00f6n anzusehen!\u201c machten sich die Mannschaft sowie<\/p>\n","protected":false},"author":1,"featured_media":0,"comment_status":"open","ping_status":"open","sticky":false,"template":"","format":"standard","meta":{"footnotes":""},"categories":[4],"tags":[],"class_list":["post-2246","post","type-post","status-publish","format-standard","hentry","category-lubtheen"],"_links":{"self":[{"href":"https:\/\/www.ringen-mv.de\/index.php?rest_route=\/wp\/v2\/posts\/2246","targetHints":{"allow":["GET"]}}],"collection":[{"href":"https:\/\/www.ringen-mv.de\/index.php?rest_route=\/wp\/v2\/posts"}],"about":[{"href":"https:\/\/www.ringen-mv.de\/index.php?rest_route=\/wp\/v2\/types\/post"}],"author":[{"embeddable":true,"href":"https:\/\/www.ringen-mv.de\/index.php?rest_route=\/wp\/v2\/users\/1"}],"replies":[{"embeddable":true,"href":"https:\/\/www.ringen-mv.de\/index.php?rest_route=%2Fwp%2Fv2%2Fcomments&post=2246"}],"version-history":[{"count":1,"href":"https:\/\/www.ringen-mv.de\/index.php?rest_route=\/wp\/v2\/posts\/2246\/revisions"}],"predecessor-version":[{"id":2247,"href":"https:\/\/www.ringen-mv.de\/index.php?rest_route=\/wp\/v2\/posts\/2246\/revisions\/2247"}],"wp:attachment":[{"href":"https:\/\/www.ringen-mv.de\/index.php?rest_route=%2Fwp%2Fv2%2Fmedia&parent=2246"}],"wp:term":[{"taxonomy":"category","embeddable":true,"href":"https:\/\/www.ringen-mv.de\/index.php?rest_route=%2Fwp%2Fv2%2Fcategories&post=2246"},{"taxonomy":"post_tag","embeddable":true,"href":"https:\/\/www.ringen-mv.de\/index.php?rest_route=%2Fwp%2Fv2%2Ftags&post=2246"}],"curies":[{"name":"wp","href":"https:\/\/api.w.org\/{rel}","templated":true}]}}