{"id":2255,"date":"2013-10-06T22:54:13","date_gmt":"2013-10-06T20:54:13","guid":{"rendered":"http:\/\/www.sav-torgelow-ringen.de\/RV%20MV2\/wordpress_341-de\/wordpress\/?p=2255"},"modified":"2013-10-06T22:54:31","modified_gmt":"2013-10-06T20:54:31","slug":"jugendliga-kg-luebtheendemmin-kuestenringer","status":"publish","type":"post","link":"https:\/\/www.ringen-mv.de\/?p=2255","title":{"rendered":"Jugendliga KG L\u00fcbtheen\/Demmin &#8211; &#8222;K\u00fcstenringer&#8220;"},"content":{"rendered":"<p style=\"text-align: justify;\"><a href=\"http:\/\/www.ringen-mv.de\/wp-content\/uploads\/2012\/09\/psvrostock.png\"><img loading=\"lazy\" decoding=\"async\" class=\"alignleft  wp-image-136\" alt=\"logo psv rostock\" src=\"http:\/\/www.ringen-mv.de\/wp-content\/uploads\/2012\/09\/psvrostock.png\" width=\"172\" height=\"127\" \/><\/a>Gro\u00dfer Kampf wird nicht belohnt. Ringer mit Niederlage in L\u00fcbtheen.\u00a0Am Samstag trat die KG K\u00fcstenringer in L\u00fcbtheen zum Jugendliga-Kampf gegen die KG L\u00fcbtheen\/Demmin an. Trotz\u00a0gro\u00dfem Kampf und Einsatzwillen konnte die junge Mannschaft aus Rostock und Warnem\u00fcnde die dritte Saisonniederlage im f\u00fcnften Kampf nicht verhindern.<\/p>\n<p style=\"text-align: justify;\"><!--more--><br \/>\nIn der Gewichtsklasse bis 28kg konnte Florian Wiesemann in seinem 4. Einsatz in dieser Saison seinen 4. Sieg erk\u00e4mpfen. Er hat in diesem, im Freistil ausgetragenen, Kampf keine gro\u00dfen Probleme mit seiner Gegnerin und konnte sie nach drei Minuten auspunkten und die ersten vier Punkte f\u00fcr die Mannschaft erk\u00e4mpfen.<br \/>\nIm Schwergewicht (+63kg) hat Leo Meyer diesmal keine Chance. Er traf mit Alexander Biederst\u00e4dt nicht nur auf den Teamkapit\u00e4n der Gegner, sondern auch auf den 3. Platz der Deutschen Meisterschaft der B-Jugend 2013. Die gr\u00f6\u00dfere Erfahrung und technische Versiertheit gab hier den Ausschlag f\u00fcr einen vorzeitigen Sieg des L\u00fcbtheener K\u00e4mpfers.<br \/>\nIm f\u00fcr ihn ungewohnten klassischen Stil musste danach Fabian Wiesemann (31kg) antreten. Mit drei sch\u00f6nen W\u00fcrfen und guten Aktionen im Boden lie\u00df Fabian seinem Gegner keine M\u00f6glichkeiten in den Kampf zu kommen und entschied diesen zu seinen Gunsten.<br \/>\nDa der Teamkapit\u00e4n der Rostocker, Eric Pillat, zurzeit fehlt, musste Philipp Augustin diesmal eine Gewichtsklasse aufr\u00fccken und in der 63kg-Klasse starten. Mit einem Schultersieg nach 55 Sekunden gelang ihm dies in \u00fcberzeugender Manier.<br \/>\nIm Limit bis 34kg ging diesmal wieder Philipp Nguyen Ho an den Start. Er lieferte sich ein sehr enges Gefecht mit seinem Kontrahenten und musste sich am Ende, aufgrund fehlenden Gl\u00fccks in einigen Situationen, knapp mit 7:5 Punkten geschlagen geben.<br \/>\nGro\u00dfes Pech hatte diesmal Philipps Bruder Tien Nguyen Ho in der Gewichtsklasse bis 55kg. Nachdem Tien bereits 8:4 gef\u00fchrt hat und sein Gegner fast auf dem R\u00fccken lag, nutzte dieser eine Unaufmerksamkeit des Warnem\u00fcnder Sportlers aus, \u00fcbertrug ihn und konnte Tien dann sogar noch auf Schultern besiegen.<br \/>\nEng ging es auch im Kampf der Klasse bis 38kg zu. Max-Marten L\u00fcttge zeigte wieder einmal eine gro\u00dfe k\u00e4mpferische Leistung, musste sich am Ende aber der gr\u00f6\u00dferen Erfahrung seines 4 Jahre \u00e4lteren Kontrahenten geschlagen geben und verlor den Kampf knapp mit 9:3.<br \/>\n\u00c4hnlich wie Leo Meyer erging es Eugene Gallinat in der Klasse bis 50kg. Er traf mit Fabian Schmitt auf den 4. Platz der Deutschen Meisterschaft der B-Jugend 2013 und hatte hier wenig zu bestellen. Ihm gelang es nicht seine Aktionen erfolgreich an den Mann zu bringen und musste sich deutlich mit 12:1 geschlagen geben.<br \/>\nIm vorletzten Kampf kam dann Dschabrail Aslambekov f\u00fcr die K\u00fcstenringer zum Einsatz. Er zeigte eine \u00fcberzeugende Leistung und konnte seinen Gegner deutlich mit 9:0 schlagen, sodass es vor dem letzten Kampf 17:17 unentschieden stand.<br \/>\nDa die K\u00fcstenringer seid einer Verletzung im ersten Saisonkampf die 46kg-Klasse nicht mehr besetzen k\u00f6nnen, gingen noch einmal 4 Punkte auf das Konto der Gastgeber.<br \/>\nSomit endet der Kampf 21:17 f\u00fcr die KG L\u00fcbtheen\/Demmin. Die Rostocker waren nat\u00fcrlich entt\u00e4uscht, lassen die K\u00f6pfe aber nicht h\u00e4ngen und sind guter Dinge, dass sie den R\u00fcckkampf am 19.10.13 in Rostock in der OSPA-Arena zu ihren Gunsten entscheiden werden.<\/p>\n","protected":false},"excerpt":{"rendered":"<p>Gro\u00dfer Kampf wird nicht belohnt. Ringer mit Niederlage in L\u00fcbtheen.\u00a0Am Samstag trat die KG K\u00fcstenringer in L\u00fcbtheen zum Jugendliga-Kampf gegen die KG L\u00fcbtheen\/Demmin an. Trotz\u00a0gro\u00dfem Kampf und Einsatzwillen konnte die junge Mannschaft aus Rostock und Warnem\u00fcnde die dritte Saisonniederlage im f\u00fcnften Kampf nicht verhindern.<\/p>\n","protected":false},"author":1,"featured_media":0,"comment_status":"open","ping_status":"open","sticky":false,"template":"","format":"standard","meta":{"footnotes":""},"categories":[12,17],"tags":[],"class_list":["post-2255","post","type-post","status-publish","format-standard","hentry","category-rostock","category-warnemunde"],"_links":{"self":[{"href":"https:\/\/www.ringen-mv.de\/index.php?rest_route=\/wp\/v2\/posts\/2255","targetHints":{"allow":["GET"]}}],"collection":[{"href":"https:\/\/www.ringen-mv.de\/index.php?rest_route=\/wp\/v2\/posts"}],"about":[{"href":"https:\/\/www.ringen-mv.de\/index.php?rest_route=\/wp\/v2\/types\/post"}],"author":[{"embeddable":true,"href":"https:\/\/www.ringen-mv.de\/index.php?rest_route=\/wp\/v2\/users\/1"}],"replies":[{"embeddable":true,"href":"https:\/\/www.ringen-mv.de\/index.php?rest_route=%2Fwp%2Fv2%2Fcomments&post=2255"}],"version-history":[{"count":2,"href":"https:\/\/www.ringen-mv.de\/index.php?rest_route=\/wp\/v2\/posts\/2255\/revisions"}],"predecessor-version":[{"id":2257,"href":"https:\/\/www.ringen-mv.de\/index.php?rest_route=\/wp\/v2\/posts\/2255\/revisions\/2257"}],"wp:attachment":[{"href":"https:\/\/www.ringen-mv.de\/index.php?rest_route=%2Fwp%2Fv2%2Fmedia&parent=2255"}],"wp:term":[{"taxonomy":"category","embeddable":true,"href":"https:\/\/www.ringen-mv.de\/index.php?rest_route=%2Fwp%2Fv2%2Fcategories&post=2255"},{"taxonomy":"post_tag","embeddable":true,"href":"https:\/\/www.ringen-mv.de\/index.php?rest_route=%2Fwp%2Fv2%2Ftags&post=2255"}],"curies":[{"name":"wp","href":"https:\/\/api.w.org\/{rel}","templated":true}]}}