{"id":2311,"date":"2013-11-03T14:31:45","date_gmt":"2013-11-03T12:31:45","guid":{"rendered":"http:\/\/www.sav-torgelow-ringen.de\/RV%20MV2\/wordpress_341-de\/wordpress\/?p=2311"},"modified":"2013-11-03T14:31:45","modified_gmt":"2013-11-03T12:31:45","slug":"luebtheener-nehmen-in-markneukirchen-revanche","status":"publish","type":"post","link":"https:\/\/www.ringen-mv.de\/?p=2311","title":{"rendered":"L\u00fcbtheener nehmen in Markneukirchen Revanche"},"content":{"rendered":"<p style=\"text-align: justify;\"><a href=\"http:\/\/www.ringen-mv.de\/wp-content\/uploads\/2013\/07\/ringerlogosmall.png\"><img loading=\"lazy\" decoding=\"async\" class=\"alignleft  wp-image-1965\" alt=\"ringerlogosmall\" src=\"http:\/\/www.ringen-mv.de\/wp-content\/uploads\/2013\/07\/ringerlogosmall.png\" width=\"126\" height=\"126\" \/><\/a>Der Ex-L\u00fcbtheener, Welt- und Europameister Andr\u00e9 Backhaus und seine Getreuen konnten die\u00a0 Erfolgsserie der L\u00fcbteener auf der heimischen Matte beim ersten Kampf in der 2. Bundesliga -R\u00fcckrunde\u00a0 nicht verhindern.\u00a0In der Vorrundenbegegnung konnten\u00a0 noch die Vogtl\u00e4nder einen knappen Sieg von 19:15 -teilweise wegen eines Aufstellungsfehlers durch die Gastgeber- in der Hans-Oldag-Sporthalle\u00a0 f\u00fcr sich entscheiden. Nun hie\u00df es, die damalige Niederlage wett zumachen, was den L\u00fcbtheenern trotz einiger immer noch bestehender Besetzungsschwierigkeiten gl\u00e4nzend gelang.<\/p>\n<p style=\"text-align: justify;\"><!--more--><\/p>\n<p>Mit dem achtbaren 20:15 \u2013 Mannschaftsresultat triumphierten sie \u00fcber den gastgebenden\u00a0 AV Germania Markneukirchen und stiegen\u00a0 damit auf den 2. Platz\u00a0 in der Tabelle hinter den bisher ungeschlagenen\u00a0 RSV Rotation Greiz auf. Diesen Erfolg hatte dem Liganeuling L\u00fcbtheen im Vorfeld kein Szenenkenner\u00a0 zugetraut.<\/p>\n<p style=\"text-align: justify;\">In der leichtesten\u00a0 Gewichtsklasse verlor in einem aktionsreichen Kampf\u00a0Mitko Asenov\u00a0(55 Kg\/Gr.-r., 1:2) gegen Attila Kov\u00e1cs. Im Schwergewicht bis 120 kg war der Freistilringer\u00a0Thomas Tonn\u00a0mit einem kleinen Punktsieg erfolgreich (Fr., 2:1).\u00a0Alex Fuhr\u00a0(60 Kg\/Fr., 1:2 ) und Justin M\u00fcller lieferten sich einen an Aktionen reichen Kampf, der mit einer Punktniederlage f\u00fcr Fuhr endete.\u00a0Andreas Aurich\u00a0(96 Kg, Gr.-r., 3:0) beherrschte in seinem ersten Ligaduell seinen vogtl\u00e4ndischen Gegner durchg\u00e4ngig sicher.\u00a0Anders Ekstr\u00f6m\u00a0(66 Kg\/Gr.-r., 4:0) brauchte nicht einmal zwei Minuten zur technischen \u00dcberlegenheit und bewies damit deutlich, dass das in Werdau gegen ihn ausgesprochene Passivit\u00e4tsurteil eine Kampfrichterfehlentscheidung war.<\/p>\n<p>Das Halbzeitergebnis von 11:5 f\u00fcr L\u00fcbtheen war zwar \u00fcberzeugend, aber durfte dar\u00fcber nicht hinwegt\u00e4uschen, dass die Gastgeber in den \u00fcbrigen f\u00fcnf Gewichtsklassen noch einige Asse hatten.<\/p>\n<p style=\"text-align: justify;\">In der 84-kg-Gewichtsklasse spielte Andr\u00e9 Backhaus seine internationalen Erfahrungen\u00a0 gegen den sonst in guter Form befindlichen\u00a0Max Kriwoschein\u00a0(Fr., 0:4)\u00a0 mit einem technischen \u00dcberlegenheitssieg aus.\u00a0Dennis Langner\u00a0(66 Kg\/Fr., 4:0) brauchte nicht einmal eine volle Kampfminute, um Heiko Holzapfel durch die f\u00fcr ihn typischen \u00dcberroller die technische Niederlage beizubringen. Im aktionsarmen Duell zwischen\u00a0Atanas Kolev\u00a0(84 Kg\/Gr.-r.,1:2) und dem Polen Marian Michalik entschied bei 1:1 Z\u00e4hlerstand\u00a0 die letzt erzielte Wertung\u00a0 f\u00fcr den Punktsieg des Markneukircheners. Der \u00fcberragende Einsatz vonFrederik Bjerrehuus\u00a0(74 Kg\/Gr.-r., 3:1) erwies wiederholt, dass der d\u00e4nische Ringer \u00fcber ein gesichertes Griffrepertoire verf\u00fcgt. Im letzten Zweikampf des Abends traf\u00a0Sebastian Novak\u00a0(74 Kg\/Fr., 1:3) auf den polnischen Meister Andrzej Grzelak auf einen ebenb\u00fcrtigen Kontrahenten und musste eine Punktniederlage quittieren.<\/p>\n","protected":false},"excerpt":{"rendered":"<p>Der Ex-L\u00fcbtheener, Welt- und Europameister Andr\u00e9 Backhaus und seine Getreuen konnten die\u00a0 Erfolgsserie der L\u00fcbteener auf der heimischen Matte beim ersten Kampf in der 2. Bundesliga -R\u00fcckrunde\u00a0 nicht verhindern.\u00a0In der Vorrundenbegegnung konnten\u00a0 noch die Vogtl\u00e4nder einen knappen Sieg von 19:15 -teilweise wegen eines Aufstellungsfehlers durch die Gastgeber- in<\/p>\n","protected":false},"author":1,"featured_media":0,"comment_status":"open","ping_status":"open","sticky":false,"template":"","format":"standard","meta":{"footnotes":""},"categories":[4],"tags":[],"class_list":["post-2311","post","type-post","status-publish","format-standard","hentry","category-lubtheen"],"_links":{"self":[{"href":"https:\/\/www.ringen-mv.de\/index.php?rest_route=\/wp\/v2\/posts\/2311","targetHints":{"allow":["GET"]}}],"collection":[{"href":"https:\/\/www.ringen-mv.de\/index.php?rest_route=\/wp\/v2\/posts"}],"about":[{"href":"https:\/\/www.ringen-mv.de\/index.php?rest_route=\/wp\/v2\/types\/post"}],"author":[{"embeddable":true,"href":"https:\/\/www.ringen-mv.de\/index.php?rest_route=\/wp\/v2\/users\/1"}],"replies":[{"embeddable":true,"href":"https:\/\/www.ringen-mv.de\/index.php?rest_route=%2Fwp%2Fv2%2Fcomments&post=2311"}],"version-history":[{"count":1,"href":"https:\/\/www.ringen-mv.de\/index.php?rest_route=\/wp\/v2\/posts\/2311\/revisions"}],"predecessor-version":[{"id":2312,"href":"https:\/\/www.ringen-mv.de\/index.php?rest_route=\/wp\/v2\/posts\/2311\/revisions\/2312"}],"wp:attachment":[{"href":"https:\/\/www.ringen-mv.de\/index.php?rest_route=%2Fwp%2Fv2%2Fmedia&parent=2311"}],"wp:term":[{"taxonomy":"category","embeddable":true,"href":"https:\/\/www.ringen-mv.de\/index.php?rest_route=%2Fwp%2Fv2%2Fcategories&post=2311"},{"taxonomy":"post_tag","embeddable":true,"href":"https:\/\/www.ringen-mv.de\/index.php?rest_route=%2Fwp%2Fv2%2Ftags&post=2311"}],"curies":[{"name":"wp","href":"https:\/\/api.w.org\/{rel}","templated":true}]}}