{"id":232,"date":"2012-09-07T08:24:40","date_gmt":"2012-09-07T06:24:40","guid":{"rendered":"http:\/\/www.sav-torgelow-ringen.de\/RV%20MV2\/wordpress_341-de\/wordpress\/?p=232"},"modified":"2012-09-21T13:10:17","modified_gmt":"2012-09-21T11:10:17","slug":"ringer-neubeginn-mit-funf-danen-aus-nykobing","status":"publish","type":"post","link":"https:\/\/www.ringen-mv.de\/?p=232","title":{"rendered":"Ringer-Neubeginn mit f\u00fcnf D\u00e4nen aus Nyk\u00f8bing"},"content":{"rendered":"<p><strong>Artikel \u00fcbernommen aus der NNN<\/strong><\/p>\n<div id=\"attachment_234\" style=\"width: 310px\" class=\"wp-caption alignleft\"><a href=\"http:\/\/www.ringen-mv.de\/wp-content\/uploads\/2012\/09\/23-481342231.jpg\"><img loading=\"lazy\" decoding=\"async\" aria-describedby=\"caption-attachment-234\" class=\"size-medium wp-image-234\" src=\"http:\/\/www.ringen-mv.de\/wp-content\/uploads\/2012\/09\/23-481342231-300x118.jpg\" alt=\"\" width=\"300\" height=\"118\" srcset=\"https:\/\/www.ringen-mv.de\/wp-content\/uploads\/2012\/09\/23-481342231-300x118.jpg 300w, https:\/\/www.ringen-mv.de\/wp-content\/uploads\/2012\/09\/23-481342231.jpg 370w\" sizes=\"auto, (max-width: 300px) 100vw, 300px\" \/><\/a><p id=\"caption-attachment-234\" class=\"wp-caption-text\">Christian N\u00fctzmann (r.), einer der wenigen Verbliebenen aus dem alten Team, ist Kapit\u00e4n der KG Rostock\/Warnem\u00fcnde. Scharnweber<\/p><\/div>\n<p>Nach jeweils sechs Jahren 1.und 2. Bundesliga im neuen Jahrtausend, darunter von 2003 bis 2008 ununterbrochen in der Erstklassigkeit, ist das Mannschaftsringen in Rostock inzwischen ganz unten angekommen. Dennoch darf f\u00fcr die bevorstehende Saison attraktiver Sport fast schon versprochen werden.<\/p>\n<p><!--more--><\/p>\n<p><strong>Freiwillig nach ganz unten in die 4. Liga<\/strong><\/p>\n<p>Nach dem Abstieg aus der 2. Bundesliga wurde auf das Startrecht in der Regionalliga verzichtet, fiel die Entscheidung f\u00fcr einen Neuanfang eine Etage tiefer, in der Ober-liga Nordwest. Bis auf die KG Kiel\/L\u00fcbeck kommen alle Kontrahenten aus Hamburg (SC Roland II, TSV Wandse-tal, Afghanischer SV).<\/p>\n<p>Mit Dennis Langner, Sebastian Nowak und Thomas Tonn treten einstige Stammkr\u00e4fte nunmehr f\u00fcr L\u00fcbtheen in der Regionalliga auf die Matte. Das aktuelle Team der KG Rostock\/Warnem\u00fcnde (die ehemaligen Mitstreiter vom Greifswalder RV und Torgelower SAV schlossen sich zur KG Vorpommern zusammen) wird angef\u00fchrt von Kapit\u00e4n Christian N\u00fctzmann. Im 15-k\u00f6pfigen Kader vom 14-j\u00e4hrigen Sebastian Nehls bis zum 52 &#8222;Lenze&#8220; Erfahrung aufweisenden Thomas Specht befinden sich f\u00fcnf D\u00e4nen vom BK Thor Nyk\u00f8bing, die zugleich Mitglieder des PSV Rostock sind. Darunter der d\u00e4nische Jugend-Meister Patrick Hyllegaard (16). Dessen Onkel Thor Hyllegaard ist DK-Nationaltrainer, Vater S\u00f8ren Vereinschef vom BK Thor. Der neue Partner bringt also geballte Kompetenz mit in die Kooperation!<\/p>\n<p>So rechnet der hiesige Verantwortliche Burkhard Schulz denn auch mit einem eher einseitigen Saisonverlauf: &#8222;Wir wollen und sollten erst mal Erster werden. Wir gehen jedenfalls an den Start, um jeden Kampf f\u00fcr uns zu entscheiden. Vor allem aber m\u00f6chten wir sch\u00f6nes Ringen bieten, die Zuschauer begeistern. Wir werden bestimmt herrliche K\u00e4mpfe sehen. Ein weiteres Hauptziel ist&#8220;, so der 65-J\u00e4hrige weiter, &#8222;dass wir nach und nach unsere Talente heranf\u00fchren und so in vier Jahren \u00fcber die Jugendliga das Mannschaftsringen an der Ostseek\u00fcste erhalten.&#8220; Hintergrund: Die Nachwuchsarbeit in Rostock lag \u00fcber Jahre brach. Erst 2008 mit Schulz\u2019 R\u00fcckkehr aus Sachsen, wo er nahezu 40 Jahre lebte, wurde sie von ihm gemeinsam mit Martin Buhz wieder ins Leben gerufen. Aber es braucht halt viel Geduld und Zeit\u2026<\/p>\n<p>Neu ist in der 4. Liga, dass pro &#8222;Halbzeit&#8220; acht K\u00e4mpfe, also alles in allem 16, stattfinden. In der 2. Bundesliga waren es insgesamt nur zehn.<\/p>\n<p>Sechs Ringer m\u00fcssen mindestens unbeanstandet \u00fcber die Waage gehen. W\u00fcrden beide aufeinandertreffende Vereine zwei Gewichtsklassen unbesetzt lassen, bek\u00e4me das Publikum dennoch mindestens je vier K\u00e4mpfe vor und nach der Pause zu sehen.<\/p>\n<p>Apropos Publikum: Zum Saisonauftakt am Sonnabend in einer Woche in Toitenwinkel gegen die KG Kiel\/L\u00fcbeck haben sich schon 50 Fans allein aus Nyk\u00f8bing angesagt. Das h\u00f6rt sich ebenfalls nach einem verhei\u00dfungsvollen Neubeginn an. Zu dem \u00fcbrigens auch Oberb\u00fcrgermeister Roland Methling seinen Anteil leistete. &#8222;Er hat sich pers\u00f6nlich sehr f\u00fcr uns eingesetzt&#8220;, bedankt sich Burkhard Schulz.<\/p>\n","protected":false},"excerpt":{"rendered":"<p>Artikel \u00fcbernommen aus der NNN Nach jeweils sechs Jahren 1.und 2. Bundesliga im neuen Jahrtausend, darunter von 2003 bis 2008 ununterbrochen in der Erstklassigkeit, ist das Mannschaftsringen in Rostock inzwischen ganz unten angekommen. Dennoch darf f\u00fcr die bevorstehende Saison attraktiver Sport fast schon versprochen werden.<\/p>\n","protected":false},"author":2,"featured_media":0,"comment_status":"open","ping_status":"open","sticky":false,"template":"","format":"standard","meta":{"footnotes":""},"categories":[12],"tags":[20],"class_list":["post-232","post","type-post","status-publish","format-standard","hentry","category-rostock","tag-kg-rostockwarnemunde"],"_links":{"self":[{"href":"https:\/\/www.ringen-mv.de\/index.php?rest_route=\/wp\/v2\/posts\/232","targetHints":{"allow":["GET"]}}],"collection":[{"href":"https:\/\/www.ringen-mv.de\/index.php?rest_route=\/wp\/v2\/posts"}],"about":[{"href":"https:\/\/www.ringen-mv.de\/index.php?rest_route=\/wp\/v2\/types\/post"}],"author":[{"embeddable":true,"href":"https:\/\/www.ringen-mv.de\/index.php?rest_route=\/wp\/v2\/users\/2"}],"replies":[{"embeddable":true,"href":"https:\/\/www.ringen-mv.de\/index.php?rest_route=%2Fwp%2Fv2%2Fcomments&post=232"}],"version-history":[{"count":12,"href":"https:\/\/www.ringen-mv.de\/index.php?rest_route=\/wp\/v2\/posts\/232\/revisions"}],"predecessor-version":[{"id":240,"href":"https:\/\/www.ringen-mv.de\/index.php?rest_route=\/wp\/v2\/posts\/232\/revisions\/240"}],"wp:attachment":[{"href":"https:\/\/www.ringen-mv.de\/index.php?rest_route=%2Fwp%2Fv2%2Fmedia&parent=232"}],"wp:term":[{"taxonomy":"category","embeddable":true,"href":"https:\/\/www.ringen-mv.de\/index.php?rest_route=%2Fwp%2Fv2%2Fcategories&post=232"},{"taxonomy":"post_tag","embeddable":true,"href":"https:\/\/www.ringen-mv.de\/index.php?rest_route=%2Fwp%2Fv2%2Ftags&post=232"}],"curies":[{"name":"wp","href":"https:\/\/api.w.org\/{rel}","templated":true}]}}