{"id":2321,"date":"2013-11-10T22:44:31","date_gmt":"2013-11-10T20:44:31","guid":{"rendered":"http:\/\/www.sav-torgelow-ringen.de\/RV%20MV2\/wordpress_341-de\/wordpress\/?p=2321"},"modified":"2013-11-10T22:44:31","modified_gmt":"2013-11-10T20:44:31","slug":"die-wkg-pausa-plauen-in-den-schatten-gestellt","status":"publish","type":"post","link":"https:\/\/www.ringen-mv.de\/?p=2321","title":{"rendered":"Die WKG Pausa-Plauen in den Schatten gestellt"},"content":{"rendered":"<p style=\"text-align: justify;\"><a href=\"http:\/\/www.ringen-mv.de\/wp-content\/uploads\/2013\/07\/ringerlogosmall.png\"><img loading=\"lazy\" decoding=\"async\" class=\"alignleft  wp-image-1965\" alt=\"ringerlogosmall\" src=\"http:\/\/www.ringen-mv.de\/wp-content\/uploads\/2013\/07\/ringerlogosmall.png\" width=\"126\" height=\"126\" \/><\/a>In einem packenden Fight auf der Vogtl\u00e4nder Matte, bei dem die Gegner zur Pause schon dem fest geglaubten Heimsieg entgegen fieberten, trennten sich der RVL und die WKG am Ende mit 19:16. In dem 2. Ausw\u00e4rtskampf der laufenden R\u00fcckrundensaison stand die spannende Begegnung um Tabellenplatz 2 auf dem Programm. In der Hinrunde mussten sich die Lindenst\u00e4dter der WKG Pausa-Plauen auf heimischer Matte noch geschlagen geben. Demzufolge zuversichtlich wurde der RVL in Pausa mit dem Slogan: \u201eDie Nordlichter ausknipsen\u201c empfangen. Dass sich diese Worte jedoch als hei\u00dfe Luft herausstellten, sollte sich erst ganz am Ende des Kampfabends zeigen. Denn in der ersten Halbzeit \u00fcberzeugten die Gastgeber mit mehreren Kampfentscheidungen mit technischer \u00dcberlegenheit.<\/p>\n<p style=\"text-align: justify;\"><!--more--><\/p>\n<p style=\"text-align: justify;\">In der ersten Begegnung des Abends gab\u00a0Alexander Ginc\u00a0(55 KG, GR) sein Ligadeb\u00fct gegen den 17-J\u00e4hrigen Nestar Nestarov. Alex stemmte sich wacker gegen den bulgarischen Juniorenmeister.\u00a0 Am Ende musste er jedoch eine Niederlage durch technische \u00dcberlegenheit hinnehmen und Pausa ging mit 4:0 Z\u00e4hlern in F\u00fchrung. Diese konnten die Vogtl\u00e4nder in der zweiten Begegnung auf 8:0 ausbauen.\u00a0Daniel Bankov\u00a0(120 KG, FR) trat in der f\u00fcr ihn ungewohnten Stilart Freistil gegen den bulgarischen Vizemeister Georgi Sredkov an. Zun\u00e4chst gelang es ihm gut, seinen Gegner aufzuziehen oder auf Distanz zu halten. Doch in der zweiten Kampfrunde konterte dieser durch gekonnt gesetzte Beinangriffe mehrere kleine Punktwertungen, so dass am Ende des Kampfes der RVL die beschriebenen vier Z\u00e4hler abgeben musste. Im Anschluss trat\u00a0Mitko Asenov\u00a0(FR) zum\u00a0 ersten Mal in der laufenden Saison in der Gewichtsklasse bis 60 KG gegen seinen um einiges gr\u00f6\u00dferen Kontrahenten Adam Slowinski an und verlor nach der vollen Kampfzeit mit 9:0.<\/p>\n<blockquote>\n<h5>Zwischenstand 11:0!<\/h5>\n<\/blockquote>\n<p style=\"text-align: justify;\">Das Nordlicht kam zum ersten Mal an diesem Abend in dem Zweikampf zwischen\u00a0Andreas Aurich\u00a0(GR) und Bastian Kurz in der Gewichtsklasse bis 96 KG zum Strahlen. Dieser zeigte durch einen festen Stand, den aktiveren Einsatz und souver\u00e4n gesetzte Anrei\u00dfer sein ganzes K\u00f6nnen und fuhr den ersten 2:0-Punktsieg f\u00fcr die Lindenst\u00e4dter ein. In der letzten Begegnung vor der Pause standen sich im klassischen Kampfstil\u00a0Anders Ekstr\u00f6m\u00a0und Werner Schellenberg gegen\u00fcber. In einem Kampf auf Augenh\u00f6he gab zun\u00e4chst kein Ringer Punkte ab. In der zweiten Runde gl\u00e4nzte Anders durch einen aktiveren Kampfgeist und konnte die Passivit\u00e4tszeiten seines Gegners zu einem kleinen Punktsieg \u00fcber die Zeit bringen. Dennoch ging der RVL mit einem deutlichen R\u00fcckstand von 4:11 Punkten in die Pause. Doch weder wurden die K\u00f6pfe h\u00e4ngen gelassen, noch irgendwelche Lichter ausgeknipst. Schlie\u00dflich waren noch genug Punkte zu holen, um auszugleichen oder sogar einen Ausw\u00e4rtssieg zu bejubeln.<\/p>\n<p style=\"text-align: justify;\">Im ersten Kampf nach der Pause traten\u00a0Max Kriwoschein\u00a0(84 KG, FR) und Stefan Bonev auf die Matte. Durch ein \u00dcbergewicht von fast 10 KG musste der RVL im Vorhinein vier Punkte abgeben. Dennoch zeigten beide einen ganz ansehnlichen Kampf. In der ersten Runde war Max sehr aktiv und konnte durch Beinangriffe kleine technische Punkte einfahren und mit 6:0 in F\u00fchrung gehen. In der zweiten Runde drehte jedoch sein Gegner den Kampf und siegte knapp mit 7:6. Im Anschluss hatte der unter den Top 10 der gelisteten Ringer der 2. Bundesliga\u00a0Dennis Langner\u00a0die leichteste Aufgabe des Abends. Da die Heimmannschaft keinen K\u00e4mpfer stellte, gewann er kampflos und heimste vier Punkte f\u00fcr den RVL ein. Bis Dato lagen die Mecklenburger vor den letzten drei K\u00e4mpfen immer noch deutlich mit 8:15 Punkten zur\u00fcck. Jetzt galt es sp\u00e4testens diesen Zwischenstand umzurei\u00dfen und es folgte die Glanzstunde des Teams.<\/p>\n<p style=\"text-align: justify;\">Atanas Kolev\u00a0machte in der 84 KG-Klasse (GR) gegen Maximilian Schwabe die vollen sechs Minuten Alarm, stellte sich stets beherzt gegen seinen Kontrahenten und konterte dessen Angriffe mit taktisch klugen Rumrei\u00dfern. Atanas konnte mit einem 7:1 drei Punkte auf das RVL-Konto notieren. Von nun hallten die Fanges\u00e4nge der L\u00fcbtheener L\u00f6wen durch die gut gef\u00fcllte Halle und kaum jemand konnte sich noch auf den Sitzen halten.\u00a0Fredrik Bjerrehuus\u00a0(74 KG, GR) durfte sein volles Repertoire gegen Martin Bergholz aussch\u00f6pfen und das heimische Publikum den Atem stocken lassen, indem er seinen Gegner durch mehrere W\u00fcrfe zu einer Niederlage zwang. Er siegte durch technische \u00dcberlegenheit und machte den bis dahin fast unm\u00f6glich geglaubten Ausw\u00e4rtssieg wieder realistisch. Mit dem Stand von 16:15 f\u00fcr die WKG-Pausa-Plauen heizten alle mitgereisten Anh\u00e4nger und die Mannschaft dem in der 74-KG k\u00e4mpfenden Klasse\u00a0Sebastian Novak\u00a0(FR) ein und schickten ihn mit lautstarken Anfeuerungsrufen auf die Matte. In seinem typischen Kampfstil zeigte er gegen Martin Waldeck spektakul\u00e4re Bodentechniken und lie\u00df keine weitere Niederlage f\u00fcr die Mecklenburger zu. Sebastian sicherte mit dem 13:2-Punktsieg den dritten Ausw\u00e4rtserfolg in Folge f\u00fcr den RV L\u00fcbtheen.<\/p>\n<p style=\"text-align: justify;\">\u00dcbergl\u00fccklich und lauthals wurden die Aufsteiger bejubelt. Letztendlich sollte eine geschlossene Mannschaftsleistung, Ausdauer und die n\u00f6tige Entschlossenheit zum Tagessieg gef\u00fchrt haben. Somit war die Revanche perfekt, der RVL h\u00e4lt den zweiten Tabellenplatz und am Ende des Abends \u201eknipste\u201c die WKG Pausa-Plauen selber ihr Heimlicht aus.<\/p>\n<ul>\n<li><a href=\"http:\/\/www.ringen-luebtheen.de\/?p=2163\" target=\"_blank\">Bilder<\/a><\/li>\n<\/ul>\n","protected":false},"excerpt":{"rendered":"<p>In einem packenden Fight auf der Vogtl\u00e4nder Matte, bei dem die Gegner zur Pause schon dem fest geglaubten Heimsieg entgegen fieberten, trennten sich der RVL und die WKG am Ende mit 19:16. In dem 2. Ausw\u00e4rtskampf der laufenden R\u00fcckrundensaison stand die spannende Begegnung um Tabellenplatz 2 auf dem<\/p>\n","protected":false},"author":1,"featured_media":0,"comment_status":"open","ping_status":"open","sticky":false,"template":"","format":"standard","meta":{"footnotes":""},"categories":[4],"tags":[],"class_list":["post-2321","post","type-post","status-publish","format-standard","hentry","category-lubtheen"],"_links":{"self":[{"href":"https:\/\/www.ringen-mv.de\/index.php?rest_route=\/wp\/v2\/posts\/2321","targetHints":{"allow":["GET"]}}],"collection":[{"href":"https:\/\/www.ringen-mv.de\/index.php?rest_route=\/wp\/v2\/posts"}],"about":[{"href":"https:\/\/www.ringen-mv.de\/index.php?rest_route=\/wp\/v2\/types\/post"}],"author":[{"embeddable":true,"href":"https:\/\/www.ringen-mv.de\/index.php?rest_route=\/wp\/v2\/users\/1"}],"replies":[{"embeddable":true,"href":"https:\/\/www.ringen-mv.de\/index.php?rest_route=%2Fwp%2Fv2%2Fcomments&post=2321"}],"version-history":[{"count":1,"href":"https:\/\/www.ringen-mv.de\/index.php?rest_route=\/wp\/v2\/posts\/2321\/revisions"}],"predecessor-version":[{"id":2322,"href":"https:\/\/www.ringen-mv.de\/index.php?rest_route=\/wp\/v2\/posts\/2321\/revisions\/2322"}],"wp:attachment":[{"href":"https:\/\/www.ringen-mv.de\/index.php?rest_route=%2Fwp%2Fv2%2Fmedia&parent=2321"}],"wp:term":[{"taxonomy":"category","embeddable":true,"href":"https:\/\/www.ringen-mv.de\/index.php?rest_route=%2Fwp%2Fv2%2Fcategories&post=2321"},{"taxonomy":"post_tag","embeddable":true,"href":"https:\/\/www.ringen-mv.de\/index.php?rest_route=%2Fwp%2Fv2%2Ftags&post=2321"}],"curies":[{"name":"wp","href":"https:\/\/api.w.org\/{rel}","templated":true}]}}