{"id":2328,"date":"2013-11-13T17:19:01","date_gmt":"2013-11-13T15:19:01","guid":{"rendered":"http:\/\/www.sav-torgelow-ringen.de\/RV%20MV2\/wordpress_341-de\/wordpress\/?p=2328"},"modified":"2013-11-13T17:19:01","modified_gmt":"2013-11-13T15:19:01","slug":"jan-lukas-holt-zwei-titel-fuer-luebtheen","status":"publish","type":"post","link":"https:\/\/www.ringen-mv.de\/?p=2328","title":{"rendered":"Jan-Lukas holt zwei Titel f\u00fcr L\u00fcbtheen"},"content":{"rendered":"<p style=\"text-align: justify;\"><a href=\"http:\/\/www.ringen-mv.de\/wp-content\/uploads\/2013\/07\/ringerlogosmall.png\"><img loading=\"lazy\" decoding=\"async\" class=\"alignleft  wp-image-1965\" alt=\"ringerlogosmall\" src=\"http:\/\/www.ringen-mv.de\/wp-content\/uploads\/2013\/07\/ringerlogosmall.png\" width=\"126\" height=\"126\" \/><\/a>Am Sonntag, den 10. November reisten\u00a0 die L\u00fcbtheener\u00a0 Ringer nach Hamburg, um am 12. Hanse-Pokal-Turnier\u00a0 teilzunehmen. Von 7 Vereinen konnte der RVL mit 12 Teilnehmern wieder einmal ein gutes Ergebnis mit nach Hause bringen. Das Turnier wurde in der A bis D \u2013 Jugend mit 61 Teilnehmern ausgetragen.<\/p>\n<p style=\"text-align: justify;\"><!--more--><\/p>\n<p style=\"text-align: justify;\">Der Wettbewerb in der Hansestadt ist bekannt als ein stark besetztes sportliches Ereignis. Trotz alledem konnten sich die Lindenst\u00e4dter hier durchbei\u00dfen und reichlich Edelmetall auf dem Siegertreppchen in Empfang nehmen.<\/p>\n<p style=\"text-align: justify;\">In der Gesamtwertung\u00a0 erreichten die L\u00fcbtheener den zweiten Platz\u00a0 nach dem Ringerverein SC Roland Hamburg, der mit wesentlich mehr Sportlern als Heimkampfmannschaft \u00a0auf die Matte ging.<\/p>\n<p style=\"text-align: justify;\">Ausgezeichnet als bester K\u00e4mpfer seiner Altersklasse wurde Jan-Lukas Block. In der Gewichtsklasse bis 46 kg bezwang er in f\u00fcnf K\u00e4mpfen seine Gegner mit einer klaren technischen \u00dcberlegenheit. F\u00fcr seine k\u00e4mpferischen Leistungen wurde der begeisterte Nachwuchssportler mit einem Pokal ausgezeichnet.<\/p>\n<p><strong>Einzelergebnisse:<\/strong><\/p>\n<p>I. Platz<\/p>\n<p>Jonas Fentzahn\u00a0\u00a0\u00a0\u00a0\u00a0\u00a0\u00a0\u00a0\u00a0\u00a0\u00a0\u00a0\u00a0\u00a0\u00a0\u00a0\u00a0\u00a0\u00a0\u00a0\u00a0\u00a0\u00a0\u00a0\u00a0\u00a0\u00a0\u00a0 A-Jugend\u00a0\u00a0\u00a0\u00a0\u00a0\u00a0\u00a0\u00a0\u00a0\u00a0\u00a0 76kg<\/p>\n<p>Alexander Biederstedt\u00a0\u00a0\u00a0\u00a0\u00a0\u00a0\u00a0\u00a0\u00a0\u00a0\u00a0\u00a0\u00a0\u00a0\u00a0\u00a0 B\/C-Jugend\u00a0\u00a0\u00a0\u00a0\u00a0\u00a0\u00a0 85kg<\/p>\n<p>Jan-Lukas Block\u00a0\u00a0\u00a0\u00a0\u00a0\u00a0\u00a0\u00a0\u00a0\u00a0\u00a0\u00a0\u00a0\u00a0\u00a0\u00a0\u00a0\u00a0\u00a0\u00a0\u00a0\u00a0\u00a0\u00a0\u00a0\u00a0\u00a0 B\/C-Jugend\u00a0\u00a0\u00a0\u00a0\u00a0\u00a0\u00a0 46kg<\/p>\n<p>Artem Naimaier\u00a0\u00a0\u00a0\u00a0\u00a0\u00a0\u00a0\u00a0\u00a0\u00a0\u00a0\u00a0\u00a0\u00a0\u00a0\u00a0\u00a0\u00a0\u00a0\u00a0\u00a0\u00a0\u00a0\u00a0\u00a0\u00a0\u00a0\u00a0 D-Jugend\u00a0\u00a0\u00a0\u00a0\u00a0\u00a0\u00a0\u00a0\u00a0\u00a0\u00a0 63kg<\/p>\n<p>II. Platz<\/p>\n<p>Marten Scheel\u00a0\u00a0\u00a0\u00a0\u00a0\u00a0\u00a0\u00a0\u00a0\u00a0\u00a0\u00a0\u00a0\u00a0\u00a0\u00a0\u00a0\u00a0\u00a0\u00a0\u00a0\u00a0\u00a0\u00a0\u00a0\u00a0\u00a0\u00a0\u00a0\u00a0\u00a0\u00a0 B\/C-Jugend\u00a0\u00a0\u00a0\u00a0\u00a0\u00a0\u00a0 46kg<\/p>\n<p>Luisa Scheel\u00a0\u00a0\u00a0\u00a0\u00a0\u00a0\u00a0\u00a0\u00a0\u00a0\u00a0\u00a0\u00a0\u00a0\u00a0\u00a0\u00a0\u00a0\u00a0\u00a0\u00a0\u00a0\u00a0\u00a0\u00a0\u00a0\u00a0\u00a0\u00a0\u00a0\u00a0\u00a0\u00a0\u00a0\u00a0\u00a0 D-Jugend\u00a0\u00a0\u00a0\u00a0\u00a0\u00a0\u00a0\u00a0\u00a0\u00a0\u00a0 34kg<\/p>\n<p>Tristan Reibe\u00a0\u00a0\u00a0\u00a0\u00a0\u00a0\u00a0\u00a0\u00a0\u00a0\u00a0\u00a0\u00a0\u00a0\u00a0\u00a0\u00a0\u00a0\u00a0\u00a0\u00a0\u00a0\u00a0\u00a0\u00a0\u00a0\u00a0\u00a0\u00a0\u00a0\u00a0\u00a0\u00a0\u00a0\u00a0 D-Jugend\u00a0\u00a0\u00a0\u00a0\u00a0\u00a0\u00a0\u00a0\u00a0\u00a0\u00a0 46kg<\/p>\n<p>Niels Koch\u00a0\u00a0\u00a0\u00a0\u00a0\u00a0\u00a0\u00a0\u00a0\u00a0\u00a0\u00a0\u00a0\u00a0\u00a0\u00a0\u00a0\u00a0\u00a0\u00a0\u00a0\u00a0\u00a0\u00a0\u00a0\u00a0\u00a0\u00a0\u00a0\u00a0\u00a0\u00a0\u00a0\u00a0\u00a0\u00a0\u00a0\u00a0\u00a0\u00a0 D-Jugend\u00a0\u00a0\u00a0\u00a0\u00a0\u00a0\u00a0\u00a0\u00a0\u00a0\u00a0 63kg<\/p>\n<p>III. Platz<\/p>\n<p>Luca Vogel\u00a0\u00a0\u00a0\u00a0\u00a0\u00a0\u00a0\u00a0\u00a0\u00a0\u00a0\u00a0\u00a0\u00a0\u00a0\u00a0\u00a0\u00a0\u00a0\u00a0\u00a0\u00a0\u00a0\u00a0\u00a0\u00a0\u00a0\u00a0\u00a0\u00a0\u00a0\u00a0\u00a0\u00a0\u00a0\u00a0\u00a0\u00a0\u00a0\u00a0 D-Jugend\u00a0\u00a0\u00a0\u00a0\u00a0\u00a0\u00a0\u00a0\u00a0\u00a0\u00a0 34kg<\/p>\n<p>IV. Platz<\/p>\n<p>Tobias St\u00f6ter\u00a0\u00a0\u00a0\u00a0\u00a0\u00a0\u00a0\u00a0\u00a0\u00a0\u00a0\u00a0\u00a0\u00a0\u00a0\u00a0\u00a0\u00a0\u00a0\u00a0\u00a0\u00a0\u00a0\u00a0\u00a0\u00a0\u00a0\u00a0\u00a0\u00a0\u00a0\u00a0\u00a0\u00a0\u00a0 B\/C-Jugend\u00a0\u00a0\u00a0\u00a0\u00a0\u00a0\u00a0 38kg<\/p>\n<p><i>V. Platz<\/i><\/p>\n<p>Leon Hahn\u00a0\u00a0\u00a0\u00a0\u00a0\u00a0\u00a0\u00a0\u00a0\u00a0\u00a0\u00a0\u00a0\u00a0\u00a0\u00a0\u00a0\u00a0\u00a0\u00a0\u00a0\u00a0\u00a0\u00a0\u00a0\u00a0\u00a0\u00a0\u00a0\u00a0\u00a0\u00a0\u00a0\u00a0\u00a0\u00a0\u00a0\u00a0\u00a0\u00a0 D-Jugend\u00a0\u00a0\u00a0\u00a0\u00a0\u00a0\u00a0\u00a0\u00a0\u00a0\u00a0 38kg<\/p>\n<p>VI. Platz<\/p>\n<p>Sarah Becker\u00a0\u00a0\u00a0\u00a0\u00a0\u00a0\u00a0\u00a0\u00a0\u00a0\u00a0\u00a0\u00a0\u00a0\u00a0\u00a0\u00a0\u00a0\u00a0\u00a0\u00a0\u00a0\u00a0\u00a0\u00a0\u00a0\u00a0\u00a0\u00a0\u00a0\u00a0\u00a0\u00a0\u00a0\u00a0 D-Jugend\u00a0\u00a0\u00a0\u00a0\u00a0\u00a0\u00a0\u00a0\u00a0\u00a0\u00a0 38kg<\/p>\n<p><strong>Mannschaftswertung<\/strong><\/p>\n<table width=\"347\" border=\"0\" cellspacing=\"0\" cellpadding=\"0\">\n<tbody>\n<tr>\n<td width=\"105\"><\/td>\n<td><\/td>\n<\/tr>\n<tr>\n<td width=\"105\">1<\/td>\n<td>SC Roland Hamburg<\/td>\n<\/tr>\n<tr>\n<td width=\"105\">2<\/td>\n<td>RV L\u00fcbtheen<\/td>\n<\/tr>\n<tr>\n<td width=\"105\">3<\/td>\n<td>TuS Gaarden\/Kiel<\/td>\n<\/tr>\n<tr>\n<td width=\"105\">4<\/td>\n<td>L\u00fcneburger SV<\/td>\n<\/tr>\n<tr>\n<td width=\"105\">5<\/td>\n<td>ESV Hansa L\u00fcbeck<\/td>\n<\/tr>\n<tr>\n<td width=\"105\">6<\/td>\n<td>ASV Wilhelmshaven<\/td>\n<\/tr>\n<tr>\n<td width=\"105\">7<\/td>\n<td>Afghanischer SV<\/td>\n<\/tr>\n<\/tbody>\n<\/table>\n","protected":false},"excerpt":{"rendered":"<p>Am Sonntag, den 10. November reisten\u00a0 die L\u00fcbtheener\u00a0 Ringer nach Hamburg, um am 12. Hanse-Pokal-Turnier\u00a0 teilzunehmen. Von 7 Vereinen konnte der RVL mit 12 Teilnehmern wieder einmal ein gutes Ergebnis mit nach Hause bringen. Das Turnier wurde in der A bis D \u2013 Jugend mit 61 Teilnehmern ausgetragen.<\/p>\n","protected":false},"author":1,"featured_media":0,"comment_status":"open","ping_status":"open","sticky":false,"template":"","format":"standard","meta":{"footnotes":""},"categories":[4],"tags":[],"class_list":["post-2328","post","type-post","status-publish","format-standard","hentry","category-lubtheen"],"_links":{"self":[{"href":"https:\/\/www.ringen-mv.de\/index.php?rest_route=\/wp\/v2\/posts\/2328","targetHints":{"allow":["GET"]}}],"collection":[{"href":"https:\/\/www.ringen-mv.de\/index.php?rest_route=\/wp\/v2\/posts"}],"about":[{"href":"https:\/\/www.ringen-mv.de\/index.php?rest_route=\/wp\/v2\/types\/post"}],"author":[{"embeddable":true,"href":"https:\/\/www.ringen-mv.de\/index.php?rest_route=\/wp\/v2\/users\/1"}],"replies":[{"embeddable":true,"href":"https:\/\/www.ringen-mv.de\/index.php?rest_route=%2Fwp%2Fv2%2Fcomments&post=2328"}],"version-history":[{"count":1,"href":"https:\/\/www.ringen-mv.de\/index.php?rest_route=\/wp\/v2\/posts\/2328\/revisions"}],"predecessor-version":[{"id":2329,"href":"https:\/\/www.ringen-mv.de\/index.php?rest_route=\/wp\/v2\/posts\/2328\/revisions\/2329"}],"wp:attachment":[{"href":"https:\/\/www.ringen-mv.de\/index.php?rest_route=%2Fwp%2Fv2%2Fmedia&parent=2328"}],"wp:term":[{"taxonomy":"category","embeddable":true,"href":"https:\/\/www.ringen-mv.de\/index.php?rest_route=%2Fwp%2Fv2%2Fcategories&post=2328"},{"taxonomy":"post_tag","embeddable":true,"href":"https:\/\/www.ringen-mv.de\/index.php?rest_route=%2Fwp%2Fv2%2Ftags&post=2328"}],"curies":[{"name":"wp","href":"https:\/\/api.w.org\/{rel}","templated":true}]}}