{"id":2341,"date":"2013-11-18T22:09:18","date_gmt":"2013-11-18T20:09:18","guid":{"rendered":"http:\/\/www.sav-torgelow-ringen.de\/RV%20MV2\/wordpress_341-de\/wordpress\/?p=2341"},"modified":"2013-11-26T12:07:26","modified_gmt":"2013-11-26T10:07:26","slug":"2341","status":"publish","type":"post","link":"https:\/\/www.ringen-mv.de\/?p=2341","title":{"rendered":"Demminer RV hat ein erfolgreiches Wochenende hinter sich"},"content":{"rendered":"<p style=\"text-align: justify;\"><a href=\"http:\/\/www.ringen-mv.de\/wp-content\/uploads\/2013\/11\/logo-demmin.png\"><img loading=\"lazy\" decoding=\"async\" class=\"alignleft size-full wp-image-2362\" alt=\"logo-demmin\" src=\"http:\/\/www.ringen-mv.de\/wp-content\/uploads\/2013\/11\/logo-demmin.png\" width=\"150\" height=\"150\" \/><\/a>Am vergangenen Sonnabend waren die Mattenf\u00fcchse aus der Hansestadt wieder bei zwei Wettk\u00e4mpfen aktiv.\u00a0Zum einen gelang es der Kampfgemeinschaft Demmin\/L\u00fcbtheen, sich mit einem 24:16 Sieg \u00fcber die Nordlichter Berlin den Einzug in das kleine Finale zu sichern. Hier wartet mit dem 1. Luckenwalder SC ein starker Gegner, der als Favorit in die K\u00e4mpfe um die Bronzemedaille geht.<\/p>\n<p style=\"text-align: justify;\"><!--more--><br \/>\nZum Anderen starteten 12 M\u00e4dchen und Jungen beim 1. Talente-Cup des RSV Hansa 90 Frankfurt (Oder). Acht mal standen die Demminer ganz oben auf dem Siegerpodest. Chantal Liedtke, Sarah Kellermann, Marie Warncke, Amy Seliger, Marie-Luis Bargholz, Andy Weidemann, Dustin Budriks und Moritz Wiese wurden Erste. Marie-Luis und Moritz wurden als beste K\u00e4mpfer in ihrer Altersklasse geehrt. Einen guten zweiten Platz gewann Joelin-Sophie Seliger und auf den dritten Platz kamen Vanessa Hoth und Tanja Albrecht. Lediglich der Neuling Lenny Gr\u00fcnheid landete nach guten K\u00e4mpfen auf dem vierten Platz und schrammte knapp am Siegerpodest vorbei.<br \/>\nAm n\u00e4chsten Wochenende fahren drei M\u00e4dchen zum Venne-Cup ins d\u00e4nische Herning. Dort stellen sie sich Sportlerinnen aus ganz Skandinavien und hoffen auf mindestens eine Medaille.<\/p>\n","protected":false},"excerpt":{"rendered":"<p>Am vergangenen Sonnabend waren die Mattenf\u00fcchse aus der Hansestadt wieder bei zwei Wettk\u00e4mpfen aktiv.\u00a0Zum einen gelang es der Kampfgemeinschaft Demmin\/L\u00fcbtheen, sich mit einem 24:16 Sieg \u00fcber die Nordlichter Berlin den Einzug in das kleine Finale zu sichern. Hier wartet mit dem 1. Luckenwalder SC ein starker Gegner, der<\/p>\n","protected":false},"author":1,"featured_media":0,"comment_status":"open","ping_status":"open","sticky":false,"template":"","format":"standard","meta":{"footnotes":""},"categories":[11],"tags":[],"class_list":["post-2341","post","type-post","status-publish","format-standard","hentry","category-demmin"],"_links":{"self":[{"href":"https:\/\/www.ringen-mv.de\/index.php?rest_route=\/wp\/v2\/posts\/2341","targetHints":{"allow":["GET"]}}],"collection":[{"href":"https:\/\/www.ringen-mv.de\/index.php?rest_route=\/wp\/v2\/posts"}],"about":[{"href":"https:\/\/www.ringen-mv.de\/index.php?rest_route=\/wp\/v2\/types\/post"}],"author":[{"embeddable":true,"href":"https:\/\/www.ringen-mv.de\/index.php?rest_route=\/wp\/v2\/users\/1"}],"replies":[{"embeddable":true,"href":"https:\/\/www.ringen-mv.de\/index.php?rest_route=%2Fwp%2Fv2%2Fcomments&post=2341"}],"version-history":[{"count":4,"href":"https:\/\/www.ringen-mv.de\/index.php?rest_route=\/wp\/v2\/posts\/2341\/revisions"}],"predecessor-version":[{"id":2374,"href":"https:\/\/www.ringen-mv.de\/index.php?rest_route=\/wp\/v2\/posts\/2341\/revisions\/2374"}],"wp:attachment":[{"href":"https:\/\/www.ringen-mv.de\/index.php?rest_route=%2Fwp%2Fv2%2Fmedia&parent=2341"}],"wp:term":[{"taxonomy":"category","embeddable":true,"href":"https:\/\/www.ringen-mv.de\/index.php?rest_route=%2Fwp%2Fv2%2Fcategories&post=2341"},{"taxonomy":"post_tag","embeddable":true,"href":"https:\/\/www.ringen-mv.de\/index.php?rest_route=%2Fwp%2Fv2%2Ftags&post=2341"}],"curies":[{"name":"wp","href":"https:\/\/api.w.org\/{rel}","templated":true}]}}