{"id":2392,"date":"2013-11-28T17:10:54","date_gmt":"2013-11-28T15:10:54","guid":{"rendered":"http:\/\/www.sav-torgelow-ringen.de\/RV%20MV2\/wordpress_341-de\/wordpress\/?p=2392"},"modified":"2013-11-28T17:11:27","modified_gmt":"2013-11-28T15:11:27","slug":"revanche-in-der-rueckrunde-genutzt","status":"publish","type":"post","link":"https:\/\/www.ringen-mv.de\/?p=2392","title":{"rendered":"Revanche in der R\u00fcckrunde genutzt"},"content":{"rendered":"<p style=\"text-align: justify;\"><a href=\"http:\/\/www.ringen-mv.de\/wp-content\/uploads\/2013\/11\/logo-l\u00fcbtheen.png\"><img loading=\"lazy\" decoding=\"async\" class=\"alignleft size-full wp-image-2365\" alt=\"logo-l\u00fcbtheen\" src=\"http:\/\/www.ringen-mv.de\/wp-content\/uploads\/2013\/11\/logo-l\u00fcbtheen.png\" width=\"150\" height=\"150\" \/><\/a>Am 23.11.2013 machten sich die L\u00fcbtheener Ringer auf nach Hamburg zur R\u00fcckrunde der Jugendliga. Die Hinrunde entschied der SC Roland Hamburg mit 27:10 f\u00fcr sich. Dieses Mal wollten die L\u00fcbtheener, die mit dem Demminer RV eine Kampfgemeinschaft bilden, alles geben. Und das taten sie auch\u2026<\/p>\n<p style=\"text-align: justify;\"><!--more--><\/p>\n<p style=\"text-align: justify;\">In der ersten Begegnung trat auf L\u00fcbtheener Seite Max Flatau an. Er k\u00e4mpfte in seiner Gewichtsklasse -28 kg\u00a0 im griechisch-r\u00f6mischen Stil gegen Simon Kock. Mit einem Schultersieg, in nur 25 Sekunden, entschied Max die Partie f\u00fcr sich und die ersten 4 Punkte gingen auf das Konto der L\u00fcbtheener G\u00e4ste.<br \/>\nDie 2. Begegnung wurde im Freistil ausgetragen. In der Gewichtsklasse -31 kg hatte Falk Aske Thei\u00dfen es wahrlich nicht leicht und unterlag dem Hamburger Agaev. Somit stand es 4:4.<br \/>\nAls n\u00e4chstes trat Sten Brauer auf Seiten der L\u00fcbtheener an, er gewann ganz sover\u00e4n den Kampf und baute einen Vorsprung auf. Silvio Klink tat es ihm gleich und beherrschte Lukas Kock, in Gewichtsklasse 38 kg, in nur 19 Sekunden. Zwischenstand 12:4. Es sah gut aus f\u00fcr die Lindenst\u00e4dter. So konnte es weiter gehen.<br \/>\nMarten Scheel traf in seinem Ringkampf -42 kg auf Imran Saidov. Er entschied die Begegnung f\u00fcr sich und somit gingen 4 weitere wichtige Punkte auf das Punktekonto der L\u00fcbtheener.<br \/>\nDa die KG L\u00fcbtheen\/Demmin Jan-Lukas Block in Gewichtsklasse -46 kg stellte, der Gastgeber SC Roland aber keinen Ringer stellen konnte, gingen weitere\u00a0 4 Punkte an das L\u00fcbtheener Team. Der Kampf galt somit als gewonnen.<\/p>\n<blockquote><p>Zwischenstand nun 20:4 f\u00fcr die G\u00e4ste aus Mecklenburg-Vorpommern<\/p><\/blockquote>\n<p style=\"text-align: justify;\">Ab 50 kg drehte sich das Blatt. Dennis Behrendt unterlag dem Hamburger Sportler Said Mursaew und Oliver Kock, der im Freistil in der Gewichtsklasse -55 kg angetreten war, hatte diesmal von L\u00fcbtheener Seite keinen K\u00e4mpfer.<br \/>\nAuch Lennard Wollenburg f\u00fcr die KG L\u00fcbtheen\/Demmin war seinem Gegner in der vorletzten Begegnung im griechisch-r\u00f6mischen Stil -63 kg unterlegen, was nicht zuletzt am Gewichtsunterschied zum Gegner lag. Dieser war deutlich schwerer als er.<br \/>\nIn der letzten Begegnung f\u00fcr diesen Kampftag der Jugendliga reiste Alexander Biederst\u00e4dt aus Luckenwalde an, wo er seit diesem Jahr die Sportschule besucht. Auch ihm stellte man von Seiten der Gastgeber keinen Ringer gegen\u00fcber und somit baute er den Vorsprung der Lindenst\u00e4dter weiter aus. Endergebnis dieser Partie war ein klares 24:16 f\u00fcr die G\u00e4ste.<\/p>\n<p style=\"text-align: justify;\">Somit sicherte \u00a0die KG L\u00fcbtheen\/Demmin in der Gruppe B ihren 2. Platz und wird nun, im kleinen Finale um Platz 3 und 4, auf den 2.Platzierten der Gruppe A, \u00a0die Ringer der \u00a01. Luckenwalder Jugend treffen, bei denen es gilt, den 3. Platz vom letzten Jahr zu verteidigen.<\/p>\n","protected":false},"excerpt":{"rendered":"<p>Am 23.11.2013 machten sich die L\u00fcbtheener Ringer auf nach Hamburg zur R\u00fcckrunde der Jugendliga. Die Hinrunde entschied der SC Roland Hamburg mit 27:10 f\u00fcr sich. Dieses Mal wollten die L\u00fcbtheener, die mit dem Demminer RV eine Kampfgemeinschaft bilden, alles geben. Und das taten sie auch\u2026<\/p>\n","protected":false},"author":1,"featured_media":0,"comment_status":"open","ping_status":"open","sticky":false,"template":"","format":"standard","meta":{"footnotes":""},"categories":[4],"tags":[],"class_list":["post-2392","post","type-post","status-publish","format-standard","hentry","category-lubtheen"],"_links":{"self":[{"href":"https:\/\/www.ringen-mv.de\/index.php?rest_route=\/wp\/v2\/posts\/2392","targetHints":{"allow":["GET"]}}],"collection":[{"href":"https:\/\/www.ringen-mv.de\/index.php?rest_route=\/wp\/v2\/posts"}],"about":[{"href":"https:\/\/www.ringen-mv.de\/index.php?rest_route=\/wp\/v2\/types\/post"}],"author":[{"embeddable":true,"href":"https:\/\/www.ringen-mv.de\/index.php?rest_route=\/wp\/v2\/users\/1"}],"replies":[{"embeddable":true,"href":"https:\/\/www.ringen-mv.de\/index.php?rest_route=%2Fwp%2Fv2%2Fcomments&post=2392"}],"version-history":[{"count":2,"href":"https:\/\/www.ringen-mv.de\/index.php?rest_route=\/wp\/v2\/posts\/2392\/revisions"}],"predecessor-version":[{"id":2394,"href":"https:\/\/www.ringen-mv.de\/index.php?rest_route=\/wp\/v2\/posts\/2392\/revisions\/2394"}],"wp:attachment":[{"href":"https:\/\/www.ringen-mv.de\/index.php?rest_route=%2Fwp%2Fv2%2Fmedia&parent=2392"}],"wp:term":[{"taxonomy":"category","embeddable":true,"href":"https:\/\/www.ringen-mv.de\/index.php?rest_route=%2Fwp%2Fv2%2Fcategories&post=2392"},{"taxonomy":"post_tag","embeddable":true,"href":"https:\/\/www.ringen-mv.de\/index.php?rest_route=%2Fwp%2Fv2%2Ftags&post=2392"}],"curies":[{"name":"wp","href":"https:\/\/api.w.org\/{rel}","templated":true}]}}