{"id":2395,"date":"2013-12-02T12:56:15","date_gmt":"2013-12-02T10:56:15","guid":{"rendered":"http:\/\/www.sav-torgelow-ringen.de\/RV%20MV2\/wordpress_341-de\/wordpress\/?p=2395"},"modified":"2013-12-02T12:57:33","modified_gmt":"2013-12-02T10:57:33","slug":"starke-maedchen-und-ein-demminer-daene","status":"publish","type":"post","link":"https:\/\/www.ringen-mv.de\/?p=2395","title":{"rendered":"Starke M\u00e4dchen und ein Demminer D\u00e4ne"},"content":{"rendered":"<p style=\"text-align: justify;\"><a href=\"http:\/\/www.ringen-mv.de\/wp-content\/uploads\/2013\/11\/logo-demmin.png\"><img loading=\"lazy\" decoding=\"async\" class=\"alignleft size-full wp-image-2362\" alt=\"logo-demmin\" src=\"http:\/\/www.ringen-mv.de\/wp-content\/uploads\/2013\/11\/logo-demmin.png\" width=\"150\" height=\"150\" \/><\/a>Das Jahr neigt sich dem Ende zu, die erste Kerze im Adventskranz brennt, doch f\u00fcr Ringerinnen und Ringer des Demminer Ringerverein 1954 e.V. ist die Zeit zur Besinnung noch nicht gekommen. F\u00fcnf M\u00e4dchen starteten beim 1.Lady\u00b4s Cup in Chemnitz und konnten recht gut in Sachsen bestehen. Sarah Kellermann lie\u00df ihren Gegnerinnen keine Chance und gewann souver\u00e4n die Goldmedaille. Maria Betker verlor nur einen Kampf und eroberte Platz drei. Vanessa Hoth und Joelin-Sophie Seliger wurden Vierte, und die kleine Amy Seliger belegte einen 6. Platz.<\/p>\n<p style=\"text-align: justify;\"><!--more--><\/p>\n<p style=\"text-align: justify;\">In der Teamwertung erreichten die jungen Ringerdamen einen 6. Platz unter 18 Mannschaften. Unabh\u00e4ngig von ihren Platzierungen gaben alle Demminerinnen ihr Bestes und vertraten auch in Chemnitz die Farben ihres Heimatvereins w\u00fcrdig.Einen besonderen Dank m\u00f6chten die M\u00e4dchen und die Verantwortlichen des Demminer Ringerverein dem Frauen- und M\u00e4dchenreferenten des Landes Mecklenburg-Vorpommern Matthias Pfeiffer aussprechen, der die Betreuung an diesem Wochenende komplett \u00fcbernahm.<\/p>\n<p style=\"text-align: justify;\">In fremden Gew\u00e4ssern fischte ein anderer Demminer Ringk\u00e4mpfer. Rick Brauer startete mit einer Gaststarterlaubnis bei der d\u00e4nischen Mannschaftsmeisterschaft f\u00fcr den Verein BK Thrott \u00c5rhus. F\u00fcr Rick lief es optimal. Er gewann alle seine K\u00e4mpfe, scheiterte aber mit Platz vier ganz knapp mit seiner Mannschaft an einer Medaille. Die tolle Atmosph\u00e4re vor Ort und die Gastfreundschaft der D\u00e4nen lie\u00dfen bei Rick aber keine Traurigkeit aufkommen, und die Platzierung spielte nach diesem sch\u00f6nen Wochenende nur eine kleine Rolle.<\/p>\n","protected":false},"excerpt":{"rendered":"<p>Das Jahr neigt sich dem Ende zu, die erste Kerze im Adventskranz brennt, doch f\u00fcr Ringerinnen und Ringer des Demminer Ringerverein 1954 e.V. ist die Zeit zur Besinnung noch nicht gekommen. F\u00fcnf M\u00e4dchen starteten beim 1.Lady\u00b4s Cup in Chemnitz und konnten recht gut in Sachsen bestehen. Sarah Kellermann<\/p>\n","protected":false},"author":1,"featured_media":0,"comment_status":"open","ping_status":"open","sticky":false,"template":"","format":"standard","meta":{"footnotes":""},"categories":[11],"tags":[],"class_list":["post-2395","post","type-post","status-publish","format-standard","hentry","category-demmin"],"_links":{"self":[{"href":"https:\/\/www.ringen-mv.de\/index.php?rest_route=\/wp\/v2\/posts\/2395","targetHints":{"allow":["GET"]}}],"collection":[{"href":"https:\/\/www.ringen-mv.de\/index.php?rest_route=\/wp\/v2\/posts"}],"about":[{"href":"https:\/\/www.ringen-mv.de\/index.php?rest_route=\/wp\/v2\/types\/post"}],"author":[{"embeddable":true,"href":"https:\/\/www.ringen-mv.de\/index.php?rest_route=\/wp\/v2\/users\/1"}],"replies":[{"embeddable":true,"href":"https:\/\/www.ringen-mv.de\/index.php?rest_route=%2Fwp%2Fv2%2Fcomments&post=2395"}],"version-history":[{"count":3,"href":"https:\/\/www.ringen-mv.de\/index.php?rest_route=\/wp\/v2\/posts\/2395\/revisions"}],"predecessor-version":[{"id":2399,"href":"https:\/\/www.ringen-mv.de\/index.php?rest_route=\/wp\/v2\/posts\/2395\/revisions\/2399"}],"wp:attachment":[{"href":"https:\/\/www.ringen-mv.de\/index.php?rest_route=%2Fwp%2Fv2%2Fmedia&parent=2395"}],"wp:term":[{"taxonomy":"category","embeddable":true,"href":"https:\/\/www.ringen-mv.de\/index.php?rest_route=%2Fwp%2Fv2%2Fcategories&post=2395"},{"taxonomy":"post_tag","embeddable":true,"href":"https:\/\/www.ringen-mv.de\/index.php?rest_route=%2Fwp%2Fv2%2Ftags&post=2395"}],"curies":[{"name":"wp","href":"https:\/\/api.w.org\/{rel}","templated":true}]}}