{"id":2405,"date":"2013-12-12T09:56:43","date_gmt":"2013-12-12T07:56:43","guid":{"rendered":"http:\/\/www.sav-torgelow-ringen.de\/RV%20MV2\/wordpress_341-de\/wordpress\/?p=2405"},"modified":"2013-12-12T09:56:43","modified_gmt":"2013-12-12T07:56:43","slug":"auswaertsfahrt-mit-heimkampfstimmung","status":"publish","type":"post","link":"https:\/\/www.ringen-mv.de\/?p=2405","title":{"rendered":"Ausw\u00e4rtsfahrt mit Heimkampfstimmung"},"content":{"rendered":"<p style=\"text-align: justify;\"><a href=\"http:\/\/www.ringen-mv.de\/wp-content\/uploads\/2013\/11\/logo-l\u00fcbtheen.png\"><img loading=\"lazy\" decoding=\"async\" class=\"alignleft size-full wp-image-2365\" alt=\"logo-l\u00fcbtheen\" src=\"http:\/\/www.ringen-mv.de\/wp-content\/uploads\/2013\/11\/logo-l\u00fcbtheen.png\" width=\"150\" height=\"150\" \/><\/a>\u201eVor so einer Kulisse auf einem Ausw\u00e4rtskampf zu ringen und dass die Ausw\u00e4rtsfans einfach mal die ganze Halle nieder geschrien haben, das ist, als ob man zu Zweit auf der Matte steht.\u201c Diese mehr als lobenden Worte an die mitgereisten Fans des RVL durch den 84iger Sebastian Otto spiegeln eine rundum gelungene Ausw\u00e4rtsfahrt nach Leipzig wieder. \u00c4hnlich euphorisiert sahen es auch die mitgereisten Fans. \u201eHeute ist die Stimmung der Wahnsinn.\u201c; \u201eMehr Stimmung geht nicht, aber langsam l\u00e4sst die Stimme nach.\u201c; \u201eEs ist so geil. Die Halle ist kleiner als in L\u00fcbtheen, dadurch schallt alles viel mehr. Es sind auch nicht so viele Heimfans da. Es macht einfach nur Spa\u00df.\u201c<\/p>\n<p style=\"text-align: justify;\"><!--more--><\/p>\n<p style=\"text-align: justify;\">Zum letzten Ausw\u00e4rtskampf der laufenden Saison startete der Ringerverein L\u00fcbtheen mit zwei Fanbussen und \u00fcber 100 Anh\u00e4ngern in die s\u00e4chsische Metropole. Keine Woche hat es gedauert, da war der erste Reisebus bis zum letzten Platz ausverkauft. Und auch der Zweite h\u00e4tte durchaus den ein oder anderen Platz mehr haben k\u00f6nnen. P\u00fcnktlich um 10:30 Uhr traf sich der lautstarke Anhang an der heimischen Ringerhalle.<\/p>\n<p style=\"text-align: justify;\">Zum zweiten Mal ausw\u00e4rts mit von der Partie und nicht zu \u00fcberh\u00f6ren, bestiegen u. a. Hannes, Reinold und Sebastian von den jungen Wilden aus Boizenburg den Bus. \u201eHannes Vater ist ein alter Ringer vom RVL, der hat uns mitgenommen zum Ringen. Das hat uns so gefallen und seitdem sind wir jedes Mal mit dabei. Wenn man einmal da war, will man immer wieder hin. Wir haben dieses Jahr damit angefangen immer anzufeuern, darum war klar, dass wir an diesem Wochenende auch dabei sind. Erst wollen wir gewinnen und dann kr\u00e4ftig mit der Mannschaft Party machen.\u201c<\/p>\n<p style=\"text-align: justify;\">Nach einer kurzweiligen Anreise fanden sich die Fans zum Gruppenfoto vor dem Sportclub ein. F\u00fcr einige ehemalige Aktive des Ringervereins L\u00fcbtheen ein heimisches Gef\u00fchl. Der Ein oder Andere nutzte den Sportclub in Leipzig zu DDR Zeiten als Sprungbrett seiner sportlichen Karriere und ergatterte nationale und internationale Medaillen f\u00fcr die Ehrentafel des RVL. Nach einer kurzen Stippvisite in der sanierten Halle schritten die Anh\u00e4nger geschlossen zum Weihnachtsmarkt und stimmten sich mit hei\u00dfem Gl\u00fchwein auf den Abend ein.<\/p>\n<blockquote>\n<h5>Hier regiert der RVL!<\/h5>\n<\/blockquote>\n<p style=\"text-align: justify;\">Mit Schlachtrufen wie: \u201eHier regiert der RVL\u201c und \u201eAusw\u00e4rtssieg\u201c begr\u00fc\u00dften die mitgereisten Fans ihre Mannschaft auf der Leipziger Matte. Den Anfang machte der mittlerweile schon routinierte Ringer <strong>Alexander Ginc<\/strong> (55 Kg, GR) und setzte gleich das erste Ausrufezeichen des Abends gegen seinen Gegner Darios Wedekind. \u00dcberlegen dr\u00fcckte Alex seinen Kontrahenten in die Bodenlage, rollte ihn diverse Male durch den Ring und verbuchte nach lediglich 2:21 min die ersten vier Z\u00e4hler auf dem L\u00fcbtheener Tableau. F\u00fcr den vorzeitigen 4:4 Ausgleich sorgte der Leipziger Nico Graf, dem <strong>Max Kriwoschein<\/strong> (120 Kg, FR) an diesem Abend unterlegen war. Eine ausgeglichenere Begegnung boten sich<strong> Mitko Asenov<\/strong> und Dustin Scherf (60 Kg FR). Beide erhielten Passivit\u00e4tsverwarnungen und Aktivit\u00e4tszeiten, die sie jedoch nicht nutzen konnten. Asenov versuchte einige Male durch Angriffe an die Beine des Gegners zu punkten, diese konnte er jedoch nicht bis zum Ende durchkriegen. Letztendlich siegte Scherf mit mehreren Kleinstwertungen und erhielt 2:1 Punkte f\u00fcr die Wettkampfgemeinschaft Leipzig\/Taucha. Mitko Asenov war mit dem Ergebnis seines Kampfes verst\u00e4ndlicherweise auch nicht ganz zufrieden. \u201eMein Kampf war schlecht. Es hat am Ende nicht gereicht. Ich werde im kommenden Jahr noch mehr f\u00fcr den RVL trainieren, um zur n\u00e4chsten Saison noch fitter und besser zu sein. Ich trainiere nur f\u00fcr den RVL, es ist so so geil hier.\u201c Klar vorn lag am Ende <strong>Andreas Aurich<\/strong> in seinem Kampf gegen Richard Zechendorf (96 Kg, GR). Durch eine stabile und aktivere Kampfhaltung \u00fcberw\u00e4ltigte er seinen Gegner das ein und andere Mal in die Bodenlage und brachte die L\u00fcbtheener L\u00f6wen durch \u00fcberzeugende Einzelaktionen wie Rollen und Rumrei\u00dfer nach 2:38 min mit einem technischen \u00dcberlegenheitssieg in eine 9:6 F\u00fchrung. In der letzten Begegnung vor der Pause wurde <strong>Anders Ekstr\u00f6m<\/strong> mit \u00fcberw\u00e4ltigen Kanonrufen auf die Matte geschickt. Da konnte sich selbst der hoch konzentrierte Athlet ein kleines Grinsen nicht verkneifen. Die mittlerweile, zum Teil \u201eoben ohne\u201c stehenden G\u00e4stefans, boten eine unbeschreibbare Kulisse. Diese sollte, den in der Gewichtsklasse bis 66 Kg (GR) antretenden Athleten zum Sieg f\u00fchren. In der ersten Kampfrunde erhielt Marco Scherf zwei Passivit\u00e4tsverwarnungen. Daraufhin errung Ekstr\u00f6m in einer Rolle entscheidende zwei Z\u00e4hler. In der zweiten Runde geschah dann nicht mehr viel. Nachdem Ekstr\u00f6m ebenfalls zwei Passivit\u00e4tsverwarnungen kassierte, Scherf das jedoch nicht ausnutzen konnte, \u00fcberzeugten die L\u00fcbtheener Athleten mit einer zufrieden stellenden 11:6 Pausenf\u00fchrung.<\/p>\n<blockquote>\n<h5>In der zweiten H\u00e4lfte des Abends hielt es dann endg\u00fcltig niemanden mehr auf seinen Sitz. Sichtlich beeindruckt von so viel Begeisterung f\u00fcr den Ringkampfsport verstummten die Gastgeber kurzerhand fast vollst\u00e4ndig. Nun hallten lediglich die Stimmen der L\u00fcbtheener L\u00f6wen durch die Halle und boten 100% Heimatatmosph\u00e4re mit G\u00e4nsehautfeeling. \u201eEs ist so ein klasse Kampfsport. Man ist mitten drin. Es kommt auf jeden Einzelnen an und man sieht viele interessante Szenen\u201c, schilderten die Boizenburger Jungs die Fanbegeisterung f\u00fcrs Ringen.<\/h5>\n<\/blockquote>\n<p style=\"text-align: justify;\"><strong>Sebastian Otto<\/strong> sch\u00e4tzte seinen Kampf folgender ma\u00dfen ein: \u201eMein Kampf war heute ein bisschen steif. Man merkt, die Saison ist doch lang gewesen f\u00fcr mich. Es ist manchmal schwierig, neben dem Studium immer Top-Leistung abzurufen, und gerade gegen einen guten Mann wie Franco. Da fiel es mir heute umso schwerer, Punkte abzurufen. Aber am Gesamtmannschaftsergebnis gibt es nichts zu meckern.\u201c Sebastian zeigte einen ausgeglichenen Kampf gegen den \u00e4u\u00dferlich sehr austrainiert scheinenden Franco B\u00fcttner (84 Kg, FR). Otto gelang es am Boden eine kleine Wertung zu holen, jedoch hatte B\u00fcttner \u00a0am Ende der sechsmin\u00fctigen Kampfzeit einen Z\u00e4hler mehr auf der Uhr, so dass die Begegnung 2:1 f\u00fcr B\u00fcttner endete. Lediglich 12 Sekunden ben\u00f6tigte <strong>Dennis Langner<\/strong>, um seinen deutlich unterlegenden Gegner Paul Sch\u00e4rschmidt (66Kg, FR) zu schultern und als Sieger die Matte zu verlassen. Eiskalt schlug er mit einem pr\u00e4zise gesetzten Beinangriff zu und dr\u00fcckte seinen Gegen\u00fcber ohne Aussicht auf Rettung fest auf den Boden. Zwischenstand 8:16. Der im Anschluss stattfindende Kampf zwischen\u00a0<strong>Ceven Matthes<\/strong> und Tom Zymara (84 Kg, GR) war hingegen wieder sehr ausgeglichen. In der ersten Runde erarbeiteten sich beide Athleten jeweils zwei Punkte. Der clever agierende Matthes wirkte ein wenig \u00fcberzeugender und ging nach einem Runterrei\u00dfer und anschlie\u00dfender Rolle mit 3:2 Punkten in F\u00fchrung. In der zweiten Runde starteten beide mit einer Passivit\u00e4tsverwarnung. Beide wollten unbedingt gewinnen und keine Punkte durch Unachtsamkeit oder Leichtsinn abgeben. Die entscheidenden Punkte konnte dann Matthes verbuchen, in dem er seinen Gegner von den Beinen holte und aus dem Ring dr\u00fcckte. Die Begegnung endete 4:7 aus leipziger Sicht und bedeutete einen 2:1 Punktgewinn f\u00fcr die L\u00fcbtheener.<\/p>\n<p style=\"text-align: justify;\">Nun sollte wohl nichts ernsthaft mehr anbrennen. Der zweite D\u00e4ne im RVL Kader <strong>Fredrik Bjerrehuus<\/strong> traf in der Gewichtsklasse bis 74 Kg (GR) auf Max Stuhr und sollte seinen Kampf vorzeitig mit einem jubelnden Salto in die blaue Fanecke beenden. In weniger als drei Minuten dominierte er seinen gegnerischen K\u00e4mpfer und erfreute das tobende Publikum mit gleich zwei W\u00fcrfen \u00fcber die Brust. Dem konnte Stuhr nichts entgegen setzten, so dass Bjerrehuus mit 11:0 Punkten einen technischen \u00dcberlegenheitssieg verbuchte.<\/p>\n<p style=\"text-align: justify;\">Schon oft in dieser Saison hing das Ergebnis \u00fcber Sieg oder Niederlage von der Begegnung um <strong>Sebastian Nowak<\/strong> ab. An diesem Wochenende ging er mit einem beruhigenden Zwischenstand von 9:22 auf die Matte. Er lie\u00df es sich aber nicht nehmen f\u00fcr ein gutes Punkteverh\u00e4ltnis zu sorgen, denn schlie\u00dflich z\u00e4hlt am Ende der Saison jeder kleine Punkt. In der ersten Runde ging Nowak zwischenzeitlich mit 9:6 Punkten in die Pause, drehte dann fast schon wie gewohnt in der zweiten Runde noch einmal mehr auf und machte vor Ablauf der Kampfzeit durch Beinangriffe am Boden mit einem 6:18 Ergebnis das Ausw\u00e4rtsm\u00e4rchen perfekt. Die mehr als einhundert Anh\u00e4nger st\u00fcrmten von den R\u00e4ngen auf die Matte, lagen sich heiser in den Armen und begl\u00fcckw\u00fcnschten sich gegenseitig. Ein letztes Mal an diesem Abend hallten die Fanges\u00e4nge \u201eWir wollen die Mannschaft sehen!\u201c durch die Halle und die K\u00e4mpfer lie\u00dfen es sich zu Recht nicht nehmen, sich w\u00fcrdig feiern zu lassen.<\/p>\n<ul>\n<li><a href=\"http:\/\/www.ringen-luebtheen.de\/?p=2340\" target=\"_blank\">Bilder <\/a><\/li>\n<\/ul>\n","protected":false},"excerpt":{"rendered":"<p>\u201eVor so einer Kulisse auf einem Ausw\u00e4rtskampf zu ringen und dass die Ausw\u00e4rtsfans einfach mal die ganze Halle nieder geschrien haben, das ist, als ob man zu Zweit auf der Matte steht.\u201c Diese mehr als lobenden Worte an die mitgereisten Fans des RVL durch den 84iger Sebastian Otto<\/p>\n","protected":false},"author":1,"featured_media":0,"comment_status":"open","ping_status":"open","sticky":false,"template":"","format":"standard","meta":{"footnotes":""},"categories":[4],"tags":[],"class_list":["post-2405","post","type-post","status-publish","format-standard","hentry","category-lubtheen"],"_links":{"self":[{"href":"https:\/\/www.ringen-mv.de\/index.php?rest_route=\/wp\/v2\/posts\/2405","targetHints":{"allow":["GET"]}}],"collection":[{"href":"https:\/\/www.ringen-mv.de\/index.php?rest_route=\/wp\/v2\/posts"}],"about":[{"href":"https:\/\/www.ringen-mv.de\/index.php?rest_route=\/wp\/v2\/types\/post"}],"author":[{"embeddable":true,"href":"https:\/\/www.ringen-mv.de\/index.php?rest_route=\/wp\/v2\/users\/1"}],"replies":[{"embeddable":true,"href":"https:\/\/www.ringen-mv.de\/index.php?rest_route=%2Fwp%2Fv2%2Fcomments&post=2405"}],"version-history":[{"count":1,"href":"https:\/\/www.ringen-mv.de\/index.php?rest_route=\/wp\/v2\/posts\/2405\/revisions"}],"predecessor-version":[{"id":2406,"href":"https:\/\/www.ringen-mv.de\/index.php?rest_route=\/wp\/v2\/posts\/2405\/revisions\/2406"}],"wp:attachment":[{"href":"https:\/\/www.ringen-mv.de\/index.php?rest_route=%2Fwp%2Fv2%2Fmedia&parent=2405"}],"wp:term":[{"taxonomy":"category","embeddable":true,"href":"https:\/\/www.ringen-mv.de\/index.php?rest_route=%2Fwp%2Fv2%2Fcategories&post=2405"},{"taxonomy":"post_tag","embeddable":true,"href":"https:\/\/www.ringen-mv.de\/index.php?rest_route=%2Fwp%2Fv2%2Ftags&post=2405"}],"curies":[{"name":"wp","href":"https:\/\/api.w.org\/{rel}","templated":true}]}}