{"id":242,"date":"2012-09-10T09:11:50","date_gmt":"2012-09-10T07:11:50","guid":{"rendered":"http:\/\/www.sav-torgelow-ringen.de\/RV%20MV2\/wordpress_341-de\/wordpress\/?p=242"},"modified":"2012-09-11T08:01:38","modified_gmt":"2012-09-11T06:01:38","slug":"menschen-die-das-ringen-bewegen","status":"publish","type":"post","link":"https:\/\/www.ringen-mv.de\/?p=242","title":{"rendered":"Menschen, die das Ringen bewegen"},"content":{"rendered":"<div id=\"attachment_245\" style=\"width: 325px\" class=\"wp-caption alignleft\"><a href=\"http:\/\/www.ringen-mv.de\/wp-content\/uploads\/2012\/09\/DSC_00161.jpg\"><img loading=\"lazy\" decoding=\"async\" aria-describedby=\"caption-attachment-245\" class=\" wp-image-245 \" src=\"http:\/\/www.ringen-mv.de\/wp-content\/uploads\/2012\/09\/DSC_00161.jpg\" alt=\"\" width=\"315\" height=\"234\" \/><\/a><p id=\"caption-attachment-245\" class=\"wp-caption-text\">Manfred Gro\u00df beim Ringertraining im Landesleistungszentrum Greifswald<\/p><\/div>\n<p>von Fred Sumbeck &#8211;<\/p>\n<p>Neben den Sportinternaten mit ihren angeschlossenen Vereinen sind in Deutschland<br \/>\nauch die vielen kleinen Vereine mit ihren ehrenamtlich engagierten Mitarbeitern<br \/>\nf\u00fcr die Talentsuche und -f\u00f6rderung von gr\u00f6\u00dfter Bedeutung. Unter diesen Menschen<br \/>\nragen einige noch besonders heraus. Ihnen m\u00f6chte ich in einer kleinen Reihe nachsp\u00fcren.<\/p>\n<p><!--more--><\/p>\n<p>&nbsp;<\/p>\n<p><strong>Manfred Gro\u00df<\/strong><\/p>\n<p>Anl\u00e4sslich des Boddenpokals traf ich auf Manfred Gro\u00df, Trainer des Greifswalder<br \/>\nRingervereins. Er ist seit fast 50 Jahren dem Ringersport verbunden, als<br \/>\nF\u00fcnfj\u00e4hriger stand er das erste Mal auf der Matte, mit 16 begann die<br \/>\nTrainerlaufbahn. Seit 1980 ist er der Trainer des Ringervereins in Greifswald,<br \/>\ndessen Name noch zweimal wechselte. Jahrzehntelang war er so wenigstens f\u00fcnf Mal<br \/>\nin der Woche mit den jungen Vereinsmitgliedern in der Sportst\u00e4tte aktiv. Seit<br \/>\neinigen Monaten nimmt er seinen freien Mittwoch. &#8222;Durch mein ununterbrochenes<br \/>\nEngagement im Verein ist meine Besch\u00e4ftigung mit meinen Kindern etwas zu kurz<br \/>\ngekommen. Bei meiner Enkelinnen will ich das nachholen.&#8220; In seinem Verein stie\u00df er auf ungl\u00e4ubges Staunen, zu lange trainierte er wirklich an jedem Arbeitstag der Woche.<\/p>\n<p>Die Pokalsammlung in der Gesch\u00e4ftsstelle kann sich dem entsprechend sehen<br \/>\nlassen. Dass er gut mit jungen Leuten umgehen kann, davon konnte ich mir bei<br \/>\neinem Training ein Bild machen: Kein Schleifen, aber auch kein Fu\u00dfball- oder<br \/>\nBasketballspielen. Mit seiner ruhigen norddeutschen Art verf\u00fcgt er \u00fcber eine<br \/>\nnat\u00fcrliche Autorit\u00e4t, seine Athleten erweisen ihm Respekt. Dennoch f\u00fchlt man<br \/>\nsich nicht auf dem Kasernenhof, trotz der Leistungsorientierung soll das<br \/>\nTraining nat\u00fcrlich auch Spa\u00df machen. Ich denke, ihm gelingt dieser Spagat ganz<br \/>\ngut.<\/p>\n<p>Ohne die Frau an seiner Seite ist solch eine Vereinst\u00e4tigkeit kaum denkbar:<br \/>\nMarion Gro\u00df leitet seit 2004 die Fitnessgruppe des Vereins, seit dem<br \/>\nurpl\u00f6tzlichen Abtreten des Vereinsvorsitzenden 2006 \u00fcbernahm sie diese Position,<br \/>\num ihrem Manfred den R\u00fccken frei zu halten.<\/p>\n<p>Einer der H\u00f6hepunkte seiner Vereinsarbeit war der Ausbau der Krullhalle durch<br \/>\ndie Vereinsmitglieder zu einem Sportzentrum mit optimalen Trainingsbedingungen<br \/>\n(u.a. neuer Kraftraum und Sauna) und die \u00dcbertragung des Landesleistungszentrums<br \/>\nf\u00fcr Ringen.<\/p>\n<p>Nachdem jahrelang der Nachwuchs sich fast von selbst einfand, gehen die Gro\u00dfs<br \/>\nverst\u00e4rkt auf die Suche nach der Jugend. Es geht darum, kleinen Kindern Bewegung<br \/>\nnahe zu bringen. So initiierten sie Kindergarten- und Schulprojekte frei nach<br \/>\ndem Motto: Vom Raufen zum Ringen.<\/p>\n<p>Wenn wir weiterhin solche Leistungstr\u00e4ger im Ringen wie Manfred Gro\u00df haben,<br \/>\nwerden wir in n\u00e4herer Zukunft auch mal wieder eine Medaille bei Olympia<br \/>\ngewinnen.<\/p>\n<address>\u00a0<\/address>\n<h6><\/h6>\n<h6><\/h6>\n<h6><\/h6>\n<h6><\/h6>\n<h6><\/h6>\n<h6><\/h6>\n<address>\u00a0<\/address>\n<h5><\/h5>\n<h5><\/h5>\n<p>&nbsp;<\/p>\n","protected":false},"excerpt":{"rendered":"<p>von Fred Sumbeck &#8211; Neben den Sportinternaten mit ihren angeschlossenen Vereinen sind in Deutschland auch die vielen kleinen Vereine mit ihren ehrenamtlich engagierten Mitarbeitern f\u00fcr die Talentsuche und -f\u00f6rderung von gr\u00f6\u00dfter Bedeutung. Unter diesen Menschen ragen einige noch besonders heraus. Ihnen m\u00f6chte ich in einer kleinen Reihe nachsp\u00fcren.<\/p>\n","protected":false},"author":2,"featured_media":0,"comment_status":"open","ping_status":"open","sticky":false,"template":"","format":"standard","meta":{"footnotes":""},"categories":[1,9],"tags":[],"class_list":["post-242","post","type-post","status-publish","format-standard","hentry","category-allgemein","category-greifswald"],"_links":{"self":[{"href":"https:\/\/www.ringen-mv.de\/index.php?rest_route=\/wp\/v2\/posts\/242","targetHints":{"allow":["GET"]}}],"collection":[{"href":"https:\/\/www.ringen-mv.de\/index.php?rest_route=\/wp\/v2\/posts"}],"about":[{"href":"https:\/\/www.ringen-mv.de\/index.php?rest_route=\/wp\/v2\/types\/post"}],"author":[{"embeddable":true,"href":"https:\/\/www.ringen-mv.de\/index.php?rest_route=\/wp\/v2\/users\/2"}],"replies":[{"embeddable":true,"href":"https:\/\/www.ringen-mv.de\/index.php?rest_route=%2Fwp%2Fv2%2Fcomments&post=242"}],"version-history":[{"count":31,"href":"https:\/\/www.ringen-mv.de\/index.php?rest_route=\/wp\/v2\/posts\/242\/revisions"}],"predecessor-version":[{"id":367,"href":"https:\/\/www.ringen-mv.de\/index.php?rest_route=\/wp\/v2\/posts\/242\/revisions\/367"}],"wp:attachment":[{"href":"https:\/\/www.ringen-mv.de\/index.php?rest_route=%2Fwp%2Fv2%2Fmedia&parent=242"}],"wp:term":[{"taxonomy":"category","embeddable":true,"href":"https:\/\/www.ringen-mv.de\/index.php?rest_route=%2Fwp%2Fv2%2Fcategories&post=242"},{"taxonomy":"post_tag","embeddable":true,"href":"https:\/\/www.ringen-mv.de\/index.php?rest_route=%2Fwp%2Fv2%2Ftags&post=242"}],"curies":[{"name":"wp","href":"https:\/\/api.w.org\/{rel}","templated":true}]}}