{"id":2470,"date":"2014-01-13T09:43:15","date_gmt":"2014-01-13T07:43:15","guid":{"rendered":"http:\/\/www.sav-torgelow-ringen.de\/RV%20MV2\/wordpress_341-de\/wordpress\/?p=2470"},"modified":"2014-01-13T20:02:23","modified_gmt":"2014-01-13T18:02:23","slug":"kaderturnier-in-bindlach","status":"publish","type":"post","link":"https:\/\/www.ringen-mv.de\/?p=2470","title":{"rendered":"Kaderturnier in Bindlach"},"content":{"rendered":"<div id=\"attachment_2471\" style=\"width: 252px\" class=\"wp-caption alignleft\"><a href=\"http:\/\/www.ringen-mv.de\/wp-content\/uploads\/2014\/01\/v.l.n.r._Alexander-Ginc_Sebastian-Nehls_Anthony-Foth.jpg\"><img loading=\"lazy\" decoding=\"async\" aria-describedby=\"caption-attachment-2471\" class=\" wp-image-2471   \" alt=\"v. l.: Alexander Ginc, Sebastian Nehls, Anthony Foth \" src=\"http:\/\/www.ringen-mv.de\/wp-content\/uploads\/2014\/01\/v.l.n.r._Alexander-Ginc_Sebastian-Nehls_Anthony-Foth.jpg\" width=\"242\" height=\"167\" srcset=\"https:\/\/www.ringen-mv.de\/wp-content\/uploads\/2014\/01\/v.l.n.r._Alexander-Ginc_Sebastian-Nehls_Anthony-Foth.jpg 640w, https:\/\/www.ringen-mv.de\/wp-content\/uploads\/2014\/01\/v.l.n.r._Alexander-Ginc_Sebastian-Nehls_Anthony-Foth-300x207.jpg 300w, https:\/\/www.ringen-mv.de\/wp-content\/uploads\/2014\/01\/v.l.n.r._Alexander-Ginc_Sebastian-Nehls_Anthony-Foth-500x346.jpg 500w\" sizes=\"auto, (max-width: 242px) 100vw, 242px\" \/><\/a><p id=\"caption-attachment-2471\" class=\"wp-caption-text\">v. l.: Alexander Ginc, Sebastian Nehls, Anthony Foth<\/p><\/div>\n<p style=\"text-align: justify;\"><strong><em>Sebastian Nehls und Alexander Ginc siegen beim Kaderturnier in Bindlach<\/em><\/strong><\/p>\n<p style=\"text-align: justify;\">Zum ersten Turnier des Jahres 2014 ging es f\u00fcr die A-Jugend (15-17 Jahre) zum Kaderturnier des Deutschen Ringer-Bundes nach Bindlach bei Bayreuth (Bayern). Eine wichtige Standortbestimmung f\u00fcr die Athleten, die sich dann auch \u00fcber die Titelk\u00e4mpfe Ende M\u00e4rz f\u00fcr internationale Aufgaben empfehlen wollen. Hier bei dem Turnier f\u00fcr die Besten der einzelnen Landesverb\u00e4nde wurde in beiden Stilarten gerungen. Insgesamt 119 Ringer aus 74 Vereinen waren am Start. Aus Mecklenburg-Vorpommern gingen 5 Athleten an den Start.<\/p>\n<p style=\"text-align: justify;\"><!--more--><\/p>\n<p style=\"text-align: justify;\">Sebastian Nehls (Warnem\u00fcnde) im freien Stil sowie Timur und Ilian Marziev (Greifswald) und Alexander Ginc und Anthony Foth (Torgelow) im griechisch-r\u00f6mischen Stil.<\/p>\n<p style=\"text-align: justify;\">Timur Marziev (54 kg) konnte diesmal seine Chancen nicht nutzen um die entscheidenden Wertungen zu machen, so schied er dann leider mit zwei Niederlagen gegen Oliver Tanzyna (TSC Mering) und Jonas Valtin (ASV Plauen) in der Vorrunde aus.<\/p>\n<p style=\"text-align: justify;\">Ilian Marziev (76 kg) mit dem Auftaktsieg \u00fcber Nick Jacobs (KSV Witten), die vermeidbaren Niederlagen aber dann gegen Friedrich Fouda (ASV Plauen) und Aron Heumann (SV Fellbach), lie\u00dfen ihn knapp an den Medaillenr\u00e4ngen vorbei auf Platz 4 kommen. F\u00fcr Ilian w\u00e4re hier auf alle F\u00e4lle mehr drin gewesen.<\/p>\n<div id=\"attachment_2472\" style=\"width: 160px\" class=\"wp-caption alignleft\"><a href=\"http:\/\/www.ringen-mv.de\/wp-content\/uploads\/2014\/01\/Alexander-Ginc-blau-hier-im-Finale-gegen-Pascal-Hilkert.jpg\"><img loading=\"lazy\" decoding=\"async\" aria-describedby=\"caption-attachment-2472\" class=\"size-thumbnail wp-image-2472\" alt=\"Alexander Ginc blau hier im Finale gegen Pascal Hilkert\" src=\"http:\/\/www.ringen-mv.de\/wp-content\/uploads\/2014\/01\/Alexander-Ginc-blau-hier-im-Finale-gegen-Pascal-Hilkert-150x150.jpg\" width=\"150\" height=\"150\" \/><\/a><p id=\"caption-attachment-2472\" class=\"wp-caption-text\">Alexander Ginc blau hier im Finale gegen Pascal Hilkert<\/p><\/div>\n<p style=\"text-align: justify;\">Seine Chance ins Finale zu kommen nutzte hingegen Anthony Foth (58 kg) aus. Im Vorfeld gewann er seine Duelle gegen Timo Stiffel (KSV Haslach i.K.) und Dominik Bauer (RSC Laudenbach) und stand dann seinem Trainingskameraden Paul Fischer (RSV Hansa 90 Frankfurt\/Oder) von der Sportsch\u00fcler Frankfurt\/Oder gegen\u00fcber. Der Kampf endete am Ende mit einer knappen Niederlage f\u00fcr Anthony. Leider konnte er seine Angriffe nicht zwingend zum Erfolg durchsetzen, aber trotzdem ein toller zweiter Platz f\u00fcr ihn.<\/p>\n<p style=\"text-align: justify;\">Bis ins Finale kamen auch Alexander Ginc (50 kg) und Sebastian Nehls (69 kg). Alexander hatte genauso wie Sebastian f\u00fcnf K\u00e4mpfe zu absolvieren. Alex setzte sich im Vorfeld gegen Cedrik Kreckmann (KSV F\u00fcrstenhausen), Johannes Lenz (SV Untergriesbach), Daniel Layer (AC Ziegelhausen) und Andreas Bauer (SC Anger) durch. Alle Duelle gewann er durch technische \u00dcberlegenheit vorzeitig und gab dabei nicht eine Wertung ab. Erst im Finale gegen Pascal Hilkert (KSV Sulzbach) musste er \u00fcber die volle Zeit gehen, gewann aber am Ende doch sicher mit einem 10:4 die Goldmedaille bei diesem Turnier.<\/p>\n<div id=\"attachment_2473\" style=\"width: 160px\" class=\"wp-caption alignleft\"><a href=\"http:\/\/www.ringen-mv.de\/wp-content\/uploads\/2014\/01\/Sebastian-Nehls-rot-hier-im-Kampf-gegen-Alexander-Pogorazdov.jpg\"><img loading=\"lazy\" decoding=\"async\" aria-describedby=\"caption-attachment-2473\" class=\"size-thumbnail wp-image-2473\" alt=\"Sebastian Nehls rot hier im Kampf gegen Alexander Pogorazdov\" src=\"http:\/\/www.ringen-mv.de\/wp-content\/uploads\/2014\/01\/Sebastian-Nehls-rot-hier-im-Kampf-gegen-Alexander-Pogorazdov-150x150.jpg\" width=\"150\" height=\"150\" \/><\/a><p id=\"caption-attachment-2473\" class=\"wp-caption-text\">Sebastian Nehls rot hier im Kampf gegen Alexander Pogorazdov<\/p><\/div>\n<p style=\"text-align: justify;\">Auch Sebastian war durch Siege im Vorfeld erfolgreich. Gerade seine gut durchgef\u00fchrten Beinangriffe f\u00fchrten zu Siege \u00fcber Julian Gebhard (SV Hallbergmoos), Alexander Pogorazdov (AC K\u00f6ln-M\u00fchlheim), Marcel Flick (TSV Benningen) und Kevin Lucht (RSV Stendal). Im Finale gegen Matthias Schmidt (KSV Schriesheim) gab er nur einen Z\u00e4hler ab und gewann souver\u00e4n mit 11 zu 1 und sicherte sich damit den Sieg bei diesem Turnier.<\/p>\n<p style=\"text-align: justify;\">Ein erster guter Auftakt in diesem Jahr, sollten sich die Athleten auch bei den Deutschen Meisterschaften so durchsetzen k\u00f6nnen, besteht die Chance auf erste internationale Bew\u00e4hrungsproben.<\/p>\n<p style=\"text-align: justify;\">weitere Bilder: &gt;&gt;\u00a0<a href=\"https:\/\/picasaweb.google.com\/105882088140256014177\/Ringen2014KaderturnierDesDRBJugendAInBindlachBAY\" target=\"_blank\">hier klicken<\/a><\/p>\n","protected":false},"excerpt":{"rendered":"<p>Sebastian Nehls und Alexander Ginc siegen beim Kaderturnier in Bindlach Zum ersten Turnier des Jahres 2014 ging es f\u00fcr die A-Jugend (15-17 Jahre) zum Kaderturnier des Deutschen Ringer-Bundes nach Bindlach bei Bayreuth (Bayern). Eine wichtige Standortbestimmung f\u00fcr die Athleten, die sich dann auch \u00fcber die Titelk\u00e4mpfe Ende M\u00e4rz<\/p>\n","protected":false},"author":2,"featured_media":0,"comment_status":"open","ping_status":"open","sticky":false,"template":"","format":"standard","meta":{"footnotes":""},"categories":[1],"tags":[],"class_list":["post-2470","post","type-post","status-publish","format-standard","hentry","category-allgemein"],"_links":{"self":[{"href":"https:\/\/www.ringen-mv.de\/index.php?rest_route=\/wp\/v2\/posts\/2470","targetHints":{"allow":["GET"]}}],"collection":[{"href":"https:\/\/www.ringen-mv.de\/index.php?rest_route=\/wp\/v2\/posts"}],"about":[{"href":"https:\/\/www.ringen-mv.de\/index.php?rest_route=\/wp\/v2\/types\/post"}],"author":[{"embeddable":true,"href":"https:\/\/www.ringen-mv.de\/index.php?rest_route=\/wp\/v2\/users\/2"}],"replies":[{"embeddable":true,"href":"https:\/\/www.ringen-mv.de\/index.php?rest_route=%2Fwp%2Fv2%2Fcomments&post=2470"}],"version-history":[{"count":6,"href":"https:\/\/www.ringen-mv.de\/index.php?rest_route=\/wp\/v2\/posts\/2470\/revisions"}],"predecessor-version":[{"id":2491,"href":"https:\/\/www.ringen-mv.de\/index.php?rest_route=\/wp\/v2\/posts\/2470\/revisions\/2491"}],"wp:attachment":[{"href":"https:\/\/www.ringen-mv.de\/index.php?rest_route=%2Fwp%2Fv2%2Fmedia&parent=2470"}],"wp:term":[{"taxonomy":"category","embeddable":true,"href":"https:\/\/www.ringen-mv.de\/index.php?rest_route=%2Fwp%2Fv2%2Fcategories&post=2470"},{"taxonomy":"post_tag","embeddable":true,"href":"https:\/\/www.ringen-mv.de\/index.php?rest_route=%2Fwp%2Fv2%2Ftags&post=2470"}],"curies":[{"name":"wp","href":"https:\/\/api.w.org\/{rel}","templated":true}]}}