{"id":2475,"date":"2014-01-13T09:55:55","date_gmt":"2014-01-13T07:55:55","guid":{"rendered":"http:\/\/www.sav-torgelow-ringen.de\/RV%20MV2\/wordpress_341-de\/wordpress\/?p=2475"},"modified":"2014-01-13T20:02:31","modified_gmt":"2014-01-13T18:02:31","slug":"olympiasieger-werden-75-jahre","status":"publish","type":"post","link":"https:\/\/www.ringen-mv.de\/?p=2475","title":{"rendered":"Olympiasieger werden 75 Jahre"},"content":{"rendered":"<div id=\"attachment_2476\" style=\"width: 252px\" class=\"wp-caption alignleft\"><a href=\"http:\/\/www.ringen-mv.de\/wp-content\/uploads\/2014\/01\/vlnr.Eckhardt-Wallmuth-Vizepraesident-RV-M-V-Heinz-Weinhold-Rudolf-Vesper-Lothar-Metz-Uwe_Bremer-Praesident-RV-M-V.jpg\"><img loading=\"lazy\" decoding=\"async\" aria-describedby=\"caption-attachment-2476\" class=\" wp-image-2476   \" alt=\"v. l.: Eckhardt Wallmuth Vizepr\u00e4sident RV M-V Heinz Weinhold, Rudolf Vesper, Lothar Metz, Uwe Bremer Pr\u00e4sident RV M-V\" src=\"http:\/\/www.ringen-mv.de\/wp-content\/uploads\/2014\/01\/vlnr.Eckhardt-Wallmuth-Vizepraesident-RV-M-V-Heinz-Weinhold-Rudolf-Vesper-Lothar-Metz-Uwe_Bremer-Praesident-RV-M-V.jpg\" width=\"242\" height=\"169\" srcset=\"https:\/\/www.ringen-mv.de\/wp-content\/uploads\/2014\/01\/vlnr.Eckhardt-Wallmuth-Vizepraesident-RV-M-V-Heinz-Weinhold-Rudolf-Vesper-Lothar-Metz-Uwe_Bremer-Praesident-RV-M-V.jpg 640w, https:\/\/www.ringen-mv.de\/wp-content\/uploads\/2014\/01\/vlnr.Eckhardt-Wallmuth-Vizepraesident-RV-M-V-Heinz-Weinhold-Rudolf-Vesper-Lothar-Metz-Uwe_Bremer-Praesident-RV-M-V-300x209.jpg 300w, https:\/\/www.ringen-mv.de\/wp-content\/uploads\/2014\/01\/vlnr.Eckhardt-Wallmuth-Vizepraesident-RV-M-V-Heinz-Weinhold-Rudolf-Vesper-Lothar-Metz-Uwe_Bremer-Praesident-RV-M-V-500x349.jpg 500w\" sizes=\"auto, (max-width: 242px) 100vw, 242px\" \/><\/a><p id=\"caption-attachment-2476\" class=\"wp-caption-text\">v. l.: Eckhardt Wallmuth Vizepr\u00e4sident RV M-V Heinz Weinhold, Rudolf Vesper, Lothar Metz, Uwe Bremer Pr\u00e4sident RV M-V<\/p><\/div>\n<p style=\"text-align: justify;\"><strong><em>Gro\u00dfe Jubil\u00e4en bei den Ringern von Mecklenburg-Vorpommern<\/em><\/strong><\/p>\n<p style=\"text-align: justify;\">16.01.1939\u00a0\u00a0\u00a0\u00a0 Lothar Metz\u00a0\u00a0\u00a0\u00a0\u00a0\u00a0\u00a0\u00a0\u00a0\u00a0\u00a0\u00a0 75 Jahre<br \/>\n03.04.1939\u00a0\u00a0\u00a0 Rudolf Vesper\u00a0\u00a0\u00a0\u00a0\u00a0\u00a0\u00a0\u00a0\u00a0 75 Jahre<br \/>\n27.06.1939\u00a0\u00a0\u00a0 Heinz Weinhold\u00a0\u00a0\u00a0\u00a0\u00a0\u00a0 75 Jahre<\/p>\n<p style=\"text-align: justify;\"><!--more--><\/p>\n<p style=\"text-align: justify;\">Das Jahr 2014 wird ein Jahr der besonderen Jubil\u00e4en f\u00fcr gestanden Gr\u00f6\u00dfen der Ringerfamilie in Mecklenburg-Vorpommern.<\/p>\n<p style=\"text-align: justify;\">Am 16. Januar wird Ringerolympiasieger Lothar Metz seinen 75 Geburtstag feiern. Ihm folgt dann am 03. April der zweite Olympiasieger mit demselben Jubil\u00e4um. Rudolf Vesper der genau wie Lothar Metz 1968 in Mexiko die Goldmedaille bei den Olympischen Spielen gewann, kann auf ein dreiviertel Jahrhundert Lebenserfahrung zur\u00fcckblicken.<\/p>\n<p style=\"text-align: justify;\">Dritter im Bunde der dann am 27. Juni seinen 75 feiern wird ist Heinz Weinhold. Gerade er hat sich um die Belange des Ringerverbandes Mecklenburg-Vorpommern verdient gemacht. So war er Ma\u00dfgebend an der Gr\u00fcndung des Verbandes verantwortlich und f\u00fchrte ihn von 1990 bis 2008 als Pr\u00e4sident.<\/p>\n<p style=\"text-align: justify;\">Allen drei Jubilaren w\u00fcnscht die Ringerfamilie aus Mecklenburg-Vorpommern eine tolle Feier und nat\u00fcrlich auch weiterhin viel Gesundheit.<\/p>\n<p style=\"text-align: justify;\">Weitere Infos zu den Olympiasiegern:<\/p>\n<ul>\n<li><a title=\"http:\/\/de.wikipedia.org\/wiki\/Lothar_Metz\" href=\"http:\/\/de.wikipedia.org\/wiki\/Lothar_Metz\" target=\"_blank\">Lothar Metz<\/a><\/li>\n<li><a title=\"http:\/\/de.wikipedia.org\/wiki\/Rudolf_Vesper\" href=\"http:\/\/de.wikipedia.org\/wiki\/Rudolf_Vesper\" target=\"_blank\">Rudolf Vesper<\/a><\/li>\n<\/ul>\n","protected":false},"excerpt":{"rendered":"<p>Gro\u00dfe Jubil\u00e4en bei den Ringern von Mecklenburg-Vorpommern 16.01.1939\u00a0\u00a0\u00a0\u00a0 Lothar Metz\u00a0\u00a0\u00a0\u00a0\u00a0\u00a0\u00a0\u00a0\u00a0\u00a0\u00a0\u00a0 75 Jahre 03.04.1939\u00a0\u00a0\u00a0 Rudolf Vesper\u00a0\u00a0\u00a0\u00a0\u00a0\u00a0\u00a0\u00a0\u00a0 75 Jahre 27.06.1939\u00a0\u00a0\u00a0 Heinz Weinhold\u00a0\u00a0\u00a0\u00a0\u00a0\u00a0 75 Jahre<\/p>\n","protected":false},"author":2,"featured_media":0,"comment_status":"open","ping_status":"open","sticky":false,"template":"","format":"standard","meta":{"footnotes":""},"categories":[1],"tags":[],"class_list":["post-2475","post","type-post","status-publish","format-standard","hentry","category-allgemein"],"_links":{"self":[{"href":"https:\/\/www.ringen-mv.de\/index.php?rest_route=\/wp\/v2\/posts\/2475","targetHints":{"allow":["GET"]}}],"collection":[{"href":"https:\/\/www.ringen-mv.de\/index.php?rest_route=\/wp\/v2\/posts"}],"about":[{"href":"https:\/\/www.ringen-mv.de\/index.php?rest_route=\/wp\/v2\/types\/post"}],"author":[{"embeddable":true,"href":"https:\/\/www.ringen-mv.de\/index.php?rest_route=\/wp\/v2\/users\/2"}],"replies":[{"embeddable":true,"href":"https:\/\/www.ringen-mv.de\/index.php?rest_route=%2Fwp%2Fv2%2Fcomments&post=2475"}],"version-history":[{"count":11,"href":"https:\/\/www.ringen-mv.de\/index.php?rest_route=\/wp\/v2\/posts\/2475\/revisions"}],"predecessor-version":[{"id":2492,"href":"https:\/\/www.ringen-mv.de\/index.php?rest_route=\/wp\/v2\/posts\/2475\/revisions\/2492"}],"wp:attachment":[{"href":"https:\/\/www.ringen-mv.de\/index.php?rest_route=%2Fwp%2Fv2%2Fmedia&parent=2475"}],"wp:term":[{"taxonomy":"category","embeddable":true,"href":"https:\/\/www.ringen-mv.de\/index.php?rest_route=%2Fwp%2Fv2%2Fcategories&post=2475"},{"taxonomy":"post_tag","embeddable":true,"href":"https:\/\/www.ringen-mv.de\/index.php?rest_route=%2Fwp%2Fv2%2Ftags&post=2475"}],"curies":[{"name":"wp","href":"https:\/\/api.w.org\/{rel}","templated":true}]}}