{"id":2629,"date":"2014-03-05T08:41:59","date_gmt":"2014-03-05T06:41:59","guid":{"rendered":"http:\/\/www.sav-torgelow-ringen.de\/RV%20MV2\/wordpress_341-de\/wordpress\/?p=2629"},"modified":"2014-03-05T14:11:53","modified_gmt":"2014-03-05T12:11:53","slug":"alexander-ginc-mit-sonderstartrecht-bei-den-junioren","status":"publish","type":"post","link":"https:\/\/www.ringen-mv.de\/?p=2629","title":{"rendered":"Alexander Ginc mit Sonderstartrecht bei den Junioren"},"content":{"rendered":"<p style=\"text-align: justify;\"><a href=\"http:\/\/www.ringen-mv.de\/wp-content\/uploads\/2014\/03\/Alexander-Ginc.jpg\"><img loading=\"lazy\" decoding=\"async\" class=\"alignleft  wp-image-2630\" alt=\"Alexander Ginc\" src=\"http:\/\/www.ringen-mv.de\/wp-content\/uploads\/2014\/03\/Alexander-Ginc.jpg\" width=\"139\" height=\"208\" srcset=\"https:\/\/www.ringen-mv.de\/wp-content\/uploads\/2014\/03\/Alexander-Ginc.jpg 642w, https:\/\/www.ringen-mv.de\/wp-content\/uploads\/2014\/03\/Alexander-Ginc-200x300.jpg 200w, https:\/\/www.ringen-mv.de\/wp-content\/uploads\/2014\/03\/Alexander-Ginc-334x500.jpg 334w\" sizes=\"auto, (max-width: 139px) 100vw, 139px\" \/><\/a>Am kommenden Wochenende finden die Deutschen Meisterschaften der Junioren im freien und griechisch-r\u00f6mischen Ringkampf statt. Die Freistilspezialisten werden sich in Bad Kreuznach (Rheinland) um die begehrten Podestpl\u00e4tze streiten.<br \/>\nDie K\u00e4mpfer des klassischen Kampfes hingegen treten die Reise nach Frankfurt\/Oder (Brandenburg) an.<\/p>\n<p style=\"text-align: justify;\">\n<!--more--><br \/>\nF\u00fcr den kleinen Landesverband Mecklenburg-Vorpommern wird es wie in den Vorjahren kein gro\u00dfes Teilnehmerfeld geben, gerade mal ein Starter wird den Nordostdeutschen Verband vertreten.Alexander Ginc vom SAV Torgelow wird in der 50 kg-Klasse gegen 5 gemeldete Gegner versuchen in der Brandenburgmetropole eine Medaille zu gewinnen.<br \/>\nDamit tritt er ein schweres Erbe seines erfolgreichen Vorg\u00e4ngers Alexander Grebensikov an, der im Juniorenbereich immer den Meistertitel nach M-V holte.<br \/>\nAber auch der \u201ekleine Alex\u201c hat es in Sich, erst im Januar gewann er das Kaderturnier der Kadetten in Bindlach. Dieser Turniersieg sicherte ihm die Sonderstargenehmigung bei den Junioren. Alexander Ginc, geboren 1998, ist n\u00e4mlich eigentlich noch im Kadettenalter. Aber Bundestrainer Maik Bullmann m\u00f6chte ihn bei den Junioren sehen und seine Chancen, wenn er richtig fit ist, sollten nicht schlecht sein.<\/p>\n","protected":false},"excerpt":{"rendered":"<p>Am kommenden Wochenende finden die Deutschen Meisterschaften der Junioren im freien und griechisch-r\u00f6mischen Ringkampf statt. Die Freistilspezialisten werden sich in Bad Kreuznach (Rheinland) um die begehrten Podestpl\u00e4tze streiten. Die K\u00e4mpfer des klassischen Kampfes hingegen treten die Reise nach Frankfurt\/Oder (Brandenburg) an.<\/p>\n","protected":false},"author":2,"featured_media":0,"comment_status":"open","ping_status":"open","sticky":false,"template":"","format":"standard","meta":{"footnotes":""},"categories":[8],"tags":[],"class_list":["post-2629","post","type-post","status-publish","format-standard","hentry","category-torgelow"],"_links":{"self":[{"href":"https:\/\/www.ringen-mv.de\/index.php?rest_route=\/wp\/v2\/posts\/2629","targetHints":{"allow":["GET"]}}],"collection":[{"href":"https:\/\/www.ringen-mv.de\/index.php?rest_route=\/wp\/v2\/posts"}],"about":[{"href":"https:\/\/www.ringen-mv.de\/index.php?rest_route=\/wp\/v2\/types\/post"}],"author":[{"embeddable":true,"href":"https:\/\/www.ringen-mv.de\/index.php?rest_route=\/wp\/v2\/users\/2"}],"replies":[{"embeddable":true,"href":"https:\/\/www.ringen-mv.de\/index.php?rest_route=%2Fwp%2Fv2%2Fcomments&post=2629"}],"version-history":[{"count":5,"href":"https:\/\/www.ringen-mv.de\/index.php?rest_route=\/wp\/v2\/posts\/2629\/revisions"}],"predecessor-version":[{"id":2639,"href":"https:\/\/www.ringen-mv.de\/index.php?rest_route=\/wp\/v2\/posts\/2629\/revisions\/2639"}],"wp:attachment":[{"href":"https:\/\/www.ringen-mv.de\/index.php?rest_route=%2Fwp%2Fv2%2Fmedia&parent=2629"}],"wp:term":[{"taxonomy":"category","embeddable":true,"href":"https:\/\/www.ringen-mv.de\/index.php?rest_route=%2Fwp%2Fv2%2Fcategories&post=2629"},{"taxonomy":"post_tag","embeddable":true,"href":"https:\/\/www.ringen-mv.de\/index.php?rest_route=%2Fwp%2Fv2%2Ftags&post=2629"}],"curies":[{"name":"wp","href":"https:\/\/api.w.org\/{rel}","templated":true}]}}