{"id":2657,"date":"2014-03-17T09:37:37","date_gmt":"2014-03-17T07:37:37","guid":{"rendered":"http:\/\/www.sav-torgelow-ringen.de\/RV%20MV2\/wordpress_341-de\/wordpress\/?p=2657"},"modified":"2014-03-17T10:51:54","modified_gmt":"2014-03-17T08:51:54","slug":"greifswalder-karl-marbach-gewinnt-dm-silber","status":"publish","type":"post","link":"https:\/\/www.ringen-mv.de\/?p=2657","title":{"rendered":"Greifswalder Karl Marbach gewinnt DM-Silber"},"content":{"rendered":"<div id=\"attachment_2658\" style=\"width: 171px\" class=\"wp-caption alignleft\"><a href=\"http:\/\/www.ringen-mv.de\/wp-content\/uploads\/2014\/03\/Karl_Marbach-mit-Trainer-Manfred-Gross.jpg\"><img loading=\"lazy\" decoding=\"async\" aria-describedby=\"caption-attachment-2658\" class=\" wp-image-2658\" alt=\"Karl Marbach mit Trainer Manfred Gross\" src=\"http:\/\/www.ringen-mv.de\/wp-content\/uploads\/2014\/03\/Karl_Marbach-mit-Trainer-Manfred-Gross-300x266.jpg\" width=\"161\" height=\"143\" srcset=\"https:\/\/www.ringen-mv.de\/wp-content\/uploads\/2014\/03\/Karl_Marbach-mit-Trainer-Manfred-Gross-300x266.jpg 300w, https:\/\/www.ringen-mv.de\/wp-content\/uploads\/2014\/03\/Karl_Marbach-mit-Trainer-Manfred-Gross-500x444.jpg 500w, https:\/\/www.ringen-mv.de\/wp-content\/uploads\/2014\/03\/Karl_Marbach-mit-Trainer-Manfred-Gross.jpg 916w\" sizes=\"auto, (max-width: 161px) 100vw, 161px\" \/><\/a><p id=\"caption-attachment-2658\" class=\"wp-caption-text\">Karl Marbach mit Trainer Manfred Gross<\/p><\/div>\n<p style=\"text-align: justify;\">Am vergangenen Wochenende fanden die Deutschen Meisterschaften der B-Jugendlichen in beiden Stilarten statt. F\u00fcr die Freistilspezialisten ging es dabei nach Bruchsal (Nordbaden) und f\u00fcr die K\u00e4mpfer im griechisch-r\u00f6mischen Stil nach B\u00fcdesheim (Rhein-Hessen). Gek\u00e4mpft wurde im Altersbereich der 12 bis 14-J\u00e4hrigen Nachwuchsathleten. F\u00fcr den kleinen Landesverband Mecklenburg-Vorpommern gingen immerhin 13 K\u00e4mpfer und im Freistilbereich 5 Sportler an den Start.<\/p>\n<p style=\"text-align: justify;\"><!--more-->Sehr erfreulich das nach 10 Jahren endlich auch wieder Aktive des PSV Rostock dabei waren. Die beiden jungen Burschen Moritz Langer (11.Platz\/34 kg) und Roman Kertner (15.\/42 kg) werden in Zukunft bestimmt von sich h\u00f6ren lassen.<br \/>\nDrei Athleten gingen f\u00fcr den RV L\u00fcbtheen auf die Matte, am Ende fehlte hier nur ganz wenig f\u00fcr die ersehnte Medaille. Jan Lukas Block (4.\/46 kg) verpasste nach 4 Siegen und 2 Niederlagen die Bronzemedaille nur hauchd\u00fcnn. Vereinskamerad Fabian Schmidt (7.\/50 kg) kann in diesem Jahr, nach Bronze im Vorjahr, leider nicht in die Medaillenr\u00e4nge vorsto\u00dfen. F\u00fcr Marten Scheel (46 kg) bleibt am Ende der 12.Platz.<br \/>\nMit immerhin 8 Sportlern waren die Norddeutschen bei den Titelk\u00e4mpfen des Rheinlands Eiche B\u00fcdesheim vertreten und sie sollten am Ende Edelmetall bejubeln k\u00f6nnen. Der Greifswalder Karl Marbach (76 kg) konnte nach Bronze 2013 diesmal das Finale seiner Kategorie erreichen. Mit vier vorzeitigen Siegen in den Vork\u00e4mpfen konnte der jungen Mann vom Bodden erst im Finale gestoppt werden.<br \/>\nSein Trainingskamerad Tilman Sch\u00f6ne (58 kg) setzte sich dann im Verbandsduell um Platz 9. gegen Lennard Wollenburg vom Demminer RV durch. Sein Vereinskamerad Tim Kellermann (63 kg) kommt auf Platz 5 seiner Kategorie, Sten Brauer (34 kg) wird 10. und Dennis Behrend (50 kg) belegt den 15.Rang in seiner Kategorie.<br \/>\nF\u00fcr den SAV Torgelow gingen die beiden j\u00fcngsten Starter auf die Matte. F\u00fcr Kevin Tran (42 kg) und Max Mietzner (50 kg) bleiben am Ende Platz 15 und 13 in ihren Kategorien.<br \/>\nF\u00fcr diesen Altersbereich finden Anfang Mai die Deutschen Mannschaftsmeisterschaften statt. Dann k\u00f6nnten in diesem Jahr f\u00fcr den Ringerverband M-V eventuell gleich zwei Kampfgemeinschaften an den Start gehen.<\/p>\n","protected":false},"excerpt":{"rendered":"<p>Am vergangenen Wochenende fanden die Deutschen Meisterschaften der B-Jugendlichen in beiden Stilarten statt. F\u00fcr die Freistilspezialisten ging es dabei nach Bruchsal (Nordbaden) und f\u00fcr die K\u00e4mpfer im griechisch-r\u00f6mischen Stil nach B\u00fcdesheim (Rhein-Hessen). Gek\u00e4mpft wurde im Altersbereich der 12 bis 14-J\u00e4hrigen Nachwuchsathleten. F\u00fcr den kleinen Landesverband Mecklenburg-Vorpommern gingen immerhin<\/p>\n","protected":false},"author":2,"featured_media":0,"comment_status":"open","ping_status":"open","sticky":false,"template":"","format":"standard","meta":{"footnotes":""},"categories":[9],"tags":[],"class_list":["post-2657","post","type-post","status-publish","format-standard","hentry","category-greifswald"],"_links":{"self":[{"href":"https:\/\/www.ringen-mv.de\/index.php?rest_route=\/wp\/v2\/posts\/2657","targetHints":{"allow":["GET"]}}],"collection":[{"href":"https:\/\/www.ringen-mv.de\/index.php?rest_route=\/wp\/v2\/posts"}],"about":[{"href":"https:\/\/www.ringen-mv.de\/index.php?rest_route=\/wp\/v2\/types\/post"}],"author":[{"embeddable":true,"href":"https:\/\/www.ringen-mv.de\/index.php?rest_route=\/wp\/v2\/users\/2"}],"replies":[{"embeddable":true,"href":"https:\/\/www.ringen-mv.de\/index.php?rest_route=%2Fwp%2Fv2%2Fcomments&post=2657"}],"version-history":[{"count":9,"href":"https:\/\/www.ringen-mv.de\/index.php?rest_route=\/wp\/v2\/posts\/2657\/revisions"}],"predecessor-version":[{"id":2667,"href":"https:\/\/www.ringen-mv.de\/index.php?rest_route=\/wp\/v2\/posts\/2657\/revisions\/2667"}],"wp:attachment":[{"href":"https:\/\/www.ringen-mv.de\/index.php?rest_route=%2Fwp%2Fv2%2Fmedia&parent=2657"}],"wp:term":[{"taxonomy":"category","embeddable":true,"href":"https:\/\/www.ringen-mv.de\/index.php?rest_route=%2Fwp%2Fv2%2Fcategories&post=2657"},{"taxonomy":"post_tag","embeddable":true,"href":"https:\/\/www.ringen-mv.de\/index.php?rest_route=%2Fwp%2Fv2%2Ftags&post=2657"}],"curies":[{"name":"wp","href":"https:\/\/api.w.org\/{rel}","templated":true}]}}