{"id":2668,"date":"2014-03-24T09:31:58","date_gmt":"2014-03-24T07:31:58","guid":{"rendered":"http:\/\/www.sav-torgelow-ringen.de\/RV%20MV2\/wordpress_341-de\/wordpress\/?p=2668"},"modified":"2014-03-24T11:16:36","modified_gmt":"2014-03-24T09:16:36","slug":"demminer-ringer-feiern-mit-ihrer-steffi-blohm-die-vizemeisterschaft","status":"publish","type":"post","link":"https:\/\/www.ringen-mv.de\/?p=2668","title":{"rendered":"Demminer Ringer feiern mit ihrer Steffi Blohm die Vizemeisterschaft"},"content":{"rendered":"<div id=\"attachment_2669\" style=\"width: 250px\" class=\"wp-caption alignleft\"><a href=\"http:\/\/www.ringen-mv.de\/wp-content\/uploads\/2014\/03\/alle-DM-Siegerinnen.jpg\"><img loading=\"lazy\" decoding=\"async\" aria-describedby=\"caption-attachment-2669\" class=\" wp-image-2669\" alt=\"alle DM-Siegerinnen\" src=\"http:\/\/www.ringen-mv.de\/wp-content\/uploads\/2014\/03\/alle-DM-Siegerinnen-300x199.jpg\" width=\"240\" height=\"158\" \/><\/a><p id=\"caption-attachment-2669\" class=\"wp-caption-text\">alle DM-Siegerinnen<\/p><\/div>\n<p style=\"text-align: justify\">Am Ende wollte jeder der \u00fcber 50 Helfer ihre frisch gebackene Vizemeisterin mal so richtig herzen. Auf der Abschlussfeier f\u00fcr die Helfer vom Demminer Ringerverein wurde Steffi Blohm noch mal so richtig gefeiert und auch Vereinskameradin Peggy Liedtke mit ihrem 6.Platz wurde lautstark bejubelt. Der Demminer RV mit Vereinschefin Anja Brauer an der Spitze kann stolz sein eine rundum gelungene Meisterschaft ausgerichtet zu haben. <!--more-->Da hat sich der Aufwand von \u00fcber einem Jahr Vorbereitung so richtig gelohnt. Zahlreiche Ehreng\u00e4ste konnten sich von der tollen Atmosph\u00e4re beim K\u00e4mpfen um die Wertungen \u00fcberzeugen. Ministerpr\u00e4sident Erwin Sellering der Schirmherr dieser DM er\u00f6ffnete pers\u00f6nlich am Freitag-Abend zusammen mit Demmins B\u00fcrgermeister Dr. Michael Koch die Titelk\u00e4mpfe der weiblichen Jugend (13-17 Jahre). Zusammen mit der DRB-Frauenreferentin Christiane Knittel und Bundestrainerin Alexandra Engelhardt konnten sie sich von den guten Bedingungen in der Tennishalle des Trebeltal-Hotels \u00fcberzeugen.<\/p>\n<p style=\"text-align: justify\">Neben gro\u00dfen ehemaligen Sportgr\u00f6\u00dfen wie Lothar Metz und Rudolf Vesper (beide Olympiasieger) waren auch andere Medaillengewinner bei Olympiaden, Weltmeisterschaften und Europameisterschaften gekommen. Sportgr\u00f6\u00dfen wie Dieter Heuer, Gerald Brauer, Hans-Dieter Br\u00fcchert, Klaus-J\u00fcrgen Pohl und Roland Gehrke stammen ja fast alle aus der Region um Demmin herum und nutzten die DM zu einem Treffen.<\/p>\n<div id=\"attachment_2694\" style=\"width: 160px\" class=\"wp-caption alignleft\"><a href=\"http:\/\/www.ringen-mv.de\/wp-content\/uploads\/2014\/03\/Steffi-hat-alles-im-Griff.jpg\"><img loading=\"lazy\" decoding=\"async\" aria-describedby=\"caption-attachment-2694\" class=\"size-thumbnail wp-image-2694\" alt=\"Steffi hat alles im Griff\" src=\"http:\/\/www.ringen-mv.de\/wp-content\/uploads\/2014\/03\/Steffi-hat-alles-im-Griff-150x150.jpg\" width=\"150\" height=\"150\" \/><\/a><p id=\"caption-attachment-2694\" class=\"wp-caption-text\">Steffi hat alles im Griff<\/p><\/div>\n<p style=\"text-align: justify\">99 junge Damen aus 13 Landesverb\u00e4nden stritten an zwei Tagen um die 11 zu vergebenen Titel zwischen 35 und 70 kg. F\u00fcr Mecklenburg-Vorpommern gingen 5 M\u00e4dels an den Start. Die noch sehr jungen Starterinnen Peggy Liedtke (Demmin\/38 kg) Platz 6, Josefine Purschke (Warnem\u00fcnde\/40 kg) Platz 5, Angelina Purschke (Warnem\u00fcnde\/43 kg) Platz 10 und Anastasia G\u00fcnther (Torgelow\/46 kg) Platz 9 waren in diesem Jahr noch nicht in der Lage um beim Kampf um die Medaillen mitzuhalten. Aber die Demminerin Steffi Blohm war ein Favorit f\u00fcr eine Medaille. Zwei Vorrundensiege brachten das Duell um die Goldmedaille gegen die Vizeweltmeisterin Nicole Amann (SC Anger\/Bayern). Hier war sie dann leider Chancenlos und durfte sich dann aber \u00fcber die gewonnene Silbermedaille freuen, wie die \u00fcber 50 Helfer mit ihr. Der Demminer Ringerverein konnte sich nach der DM viel Lob anh\u00f6ren. DRB-Frauenreferentin Christiane Knittel war mehr als zufrieden mit der Ausrichtung dieser Titelk\u00e4mpfe und viele Verbandsvertreter konnte Anja Brauer zu dieser gelungenen Veranstaltung gratulieren.<\/p>\n<div id=\"attachment_2670\" style=\"width: 1034px\" class=\"wp-caption alignleft\"><a href=\"http:\/\/www.ringen-mv.de\/wp-content\/uploads\/2014\/03\/DM-in-DM.jpg\" target=\"_blank\"><img loading=\"lazy\" decoding=\"async\" aria-describedby=\"caption-attachment-2670\" class=\"size-full wp-image-2670 \" alt=\"vlnr. Eckhardt Wallmuth (Vizepr\u00e4sident Ringerverband M-V), Rudolf Vesper (Olympiasieger 1968), Erwin Sellering (Ministerpr\u00e4sident M-V), Anja Brauer (Vorsitzende Demminer RV), Uwe Bremer (Pr\u00e4sident Ringerverband M-V), Wolfgang Rehmer (Pr\u00e4sident LSB M-V), Lothar Metz (Olympiasieger 1968) und Dr. Michael Koch (B\u00fcrgermeister Demmin)\" src=\"http:\/\/www.ringen-mv.de\/wp-content\/uploads\/2014\/03\/DM-in-DM.jpg\" width=\"1024\" height=\"610\" srcset=\"https:\/\/www.ringen-mv.de\/wp-content\/uploads\/2014\/03\/DM-in-DM.jpg 1024w, https:\/\/www.ringen-mv.de\/wp-content\/uploads\/2014\/03\/DM-in-DM-300x178.jpg 300w, https:\/\/www.ringen-mv.de\/wp-content\/uploads\/2014\/03\/DM-in-DM-500x297.jpg 500w\" sizes=\"auto, (max-width: 1024px) 100vw, 1024px\" \/><\/a><p id=\"caption-attachment-2670\" class=\"wp-caption-text\">vlnr. Eckhardt Wallmuth (Vizepr\u00e4sident Ringerverband M-V), Rudolf Vesper (Olympiasieger 1968), Erwin Sellering (Ministerpr\u00e4sident M-V), Anja Brauer (Vorsitzende Demminer RV), Uwe Bremer (Pr\u00e4sident Ringerverband M-V), Wolfgang Rehmer (Pr\u00e4sident LSB M-V), Lothar Metz (Olympiasieger 1968) und Dr. Michael Koch (B\u00fcrgermeister Demmin)<\/p><\/div>\n<p>Fotoserien:<\/p>\n<ul>\n<li><a href=\"https:\/\/picasaweb.google.com\/105882088140256014177\/Ringen2014DeutscheMeisterschaftenWeiblicheJugendInDemminFreitagAbend\" target=\"_blank\">Fotoserie I<\/a><\/li>\n<\/ul>\n<ul>\n<li><a href=\"https:\/\/picasaweb.google.com\/105882088140256014177\/Ringen2014DMInDemminSonnabend\" target=\"_blank\">Fotoserie II<\/a><\/li>\n<\/ul>\n<ul>\n<li><a href=\"https:\/\/picasaweb.google.com\/105882088140256014177\/Ringen2014DeutscheMeisterschaftenWeiblicheJugendFinalkampfe\" target=\"_blank\">Fotoserie III<\/a><\/li>\n<\/ul>\n<p>&nbsp;<\/p>\n<p>&nbsp;<\/p>\n<p>&nbsp;<\/p>\n<p>&nbsp;<\/p>\n","protected":false},"excerpt":{"rendered":"<p>Am Ende wollte jeder der \u00fcber 50 Helfer ihre frisch gebackene Vizemeisterin mal so richtig herzen. Auf der Abschlussfeier f\u00fcr die Helfer vom Demminer Ringerverein wurde Steffi Blohm noch mal so richtig gefeiert und auch Vereinskameradin Peggy Liedtke mit ihrem 6.Platz wurde lautstark bejubelt. Der Demminer RV mit<\/p>\n","protected":false},"author":2,"featured_media":0,"comment_status":"open","ping_status":"open","sticky":false,"template":"","format":"standard","meta":{"footnotes":""},"categories":[11],"tags":[],"class_list":["post-2668","post","type-post","status-publish","format-standard","hentry","category-demmin"],"_links":{"self":[{"href":"https:\/\/www.ringen-mv.de\/index.php?rest_route=\/wp\/v2\/posts\/2668","targetHints":{"allow":["GET"]}}],"collection":[{"href":"https:\/\/www.ringen-mv.de\/index.php?rest_route=\/wp\/v2\/posts"}],"about":[{"href":"https:\/\/www.ringen-mv.de\/index.php?rest_route=\/wp\/v2\/types\/post"}],"author":[{"embeddable":true,"href":"https:\/\/www.ringen-mv.de\/index.php?rest_route=\/wp\/v2\/users\/2"}],"replies":[{"embeddable":true,"href":"https:\/\/www.ringen-mv.de\/index.php?rest_route=%2Fwp%2Fv2%2Fcomments&post=2668"}],"version-history":[{"count":31,"href":"https:\/\/www.ringen-mv.de\/index.php?rest_route=\/wp\/v2\/posts\/2668\/revisions"}],"predecessor-version":[{"id":2674,"href":"https:\/\/www.ringen-mv.de\/index.php?rest_route=\/wp\/v2\/posts\/2668\/revisions\/2674"}],"wp:attachment":[{"href":"https:\/\/www.ringen-mv.de\/index.php?rest_route=%2Fwp%2Fv2%2Fmedia&parent=2668"}],"wp:term":[{"taxonomy":"category","embeddable":true,"href":"https:\/\/www.ringen-mv.de\/index.php?rest_route=%2Fwp%2Fv2%2Fcategories&post=2668"},{"taxonomy":"post_tag","embeddable":true,"href":"https:\/\/www.ringen-mv.de\/index.php?rest_route=%2Fwp%2Fv2%2Ftags&post=2668"}],"curies":[{"name":"wp","href":"https:\/\/api.w.org\/{rel}","templated":true}]}}