{"id":2706,"date":"2014-03-31T08:19:40","date_gmt":"2014-03-31T06:19:40","guid":{"rendered":"http:\/\/www.sav-torgelow-ringen.de\/RV%20MV2\/wordpress_341-de\/wordpress\/?p=2706"},"modified":"2014-04-02T12:04:20","modified_gmt":"2014-04-02T10:04:20","slug":"torgelows-alexander-ginc-mit-meisterschaftsbronze-bei-den-kadetten","status":"publish","type":"post","link":"https:\/\/www.ringen-mv.de\/?p=2706","title":{"rendered":"Torgelows Alexander Ginc mit Meisterschaftsbronze bei den Kadetten"},"content":{"rendered":"<div id=\"attachment_2707\" style=\"width: 160px\" class=\"wp-caption alignleft\"><a href=\"http:\/\/www.ringen-mv.de\/wp-content\/uploads\/2014\/03\/IMG_7494.jpg\"><img loading=\"lazy\" decoding=\"async\" aria-describedby=\"caption-attachment-2707\" class=\"size-thumbnail wp-image-2707\" alt=\"Alexander Ginc\" src=\"http:\/\/www.ringen-mv.de\/wp-content\/uploads\/2014\/03\/IMG_7494-150x150.jpg\" width=\"150\" height=\"150\" \/><\/a><p id=\"caption-attachment-2707\" class=\"wp-caption-text\">Alexander Ginc<\/p><\/div>\n<p style=\"text-align: justify\">In Berlin und Ladenburg fanden die Deutschen Meisterschaften im Ringen f\u00fcr den Altersbereich der Kadetten (Jugend A\/15-17 Jahre) statt.<br \/>\nDie Freistiler trugen ihre Titelk\u00e4mpfe beim SV Luftfahrt Berlin in der Bundeshauptstadt aus, f\u00fcr die Athleten des griechisch-r\u00f6mischen Stils ging es nach Ladenburg (Ringerverband Nordbaden). Der Landesfachverband Mecklenburg-Vorpommern war an beiden Meisterschaften vertreten, zusammen gingen 12 Sportler auf die Matte.<\/p>\n<p style=\"text-align: justify\"><!--more--><\/p>\n<p style=\"text-align: justify\">In Berlin erk\u00e4mpfte sich Alexander Biederst\u00e4dt (RV L\u00fcbtheen) bei seinem ersten Start in diesem Altersbereich den 6.Platz in der 76 kg-Klasse. Gehandicapt durch eine alte Verletzung konnte er nicht sein ganzes Verm\u00f6gen aufbringen. Sonst w\u00e4re hier wohl noch mehr drinnen gewesen. Da muss man erst recht diese Platzierung belobigen, zudem er ja hier als j\u00fcngster Jahrgang an den Start ging. Das l\u00e4sst nat\u00fcrlich hoffen f\u00fcr die Zukunft.<br \/>\nEric Pillat (SV Warnem\u00fcnde) kann das Turnier zumindest noch als Zehnter in der Kategorie bis 63 kg beenden. Ein wohl schwarzen Tag hatte Medaillenanw\u00e4rter Sebastian Nehls (SV Warnem\u00fcnde) erwischt. Nach Auftaktsiegen musste er seinen Wettkampf in der 69 kg-Klasse leider vorzeitig verletzungsbedingt aufgeben.<\/p>\n<p style=\"text-align: justify\">In Ladenburg gingen 9 Athleten f\u00fcr die Norddeutschen an den Start, dabei auch Kandidaten f\u00fcr das Podest. Leider konnten sich bei ungl\u00fccklichen Niederlagen nicht alle bis zu den Medaillenr\u00e4ngen vork\u00e4mpfen. Alleine Alexander Ginc (SAV Torgelow) der vor zwei Wochen noch sensationell Juniorenmeister wurde, sicherte sich die Bronzemedaille in der 50 kg-Klasse. Aber selbst damit waren er und die Trainer nicht ganz zufrieden. Ein Kampf wurde durch Leichtsinnigkeit knapp verloren, das h\u00e4tte nicht sein m\u00fcssen. Im Kampf um Platz 3 dann wieder mit bekannter Power, wurde das Duell gegen Dominik W\u00f6lfle (KSV Hofstetten\/S\u00fcdbaden) vorzeitig durch technische \u00dcberlegenheit gewonnen.<br \/>\nDen Medaillenr\u00e4ngen am dichtesten kommt dann Anthony Foth (SAV Torgelow) in der 63 kg-Klasse. Den entscheidenden Kampf um Einzug in die Finalk\u00e4mpfe verliert er leider doch noch ungl\u00fccklich nach anf\u00e4nglicher F\u00fchrung. Gro\u00dfe Hoffnung auf eine Medaille machte sich, nach halbj\u00e4hriger Pause durch eine schwere Verletzung, Torgelows Andrej Ginc (58 kg). Erst drei Wochen im Training verliert er nur gegen den sp\u00e4teren Meister und den Drittplatzierten dieser Kategorie, hatte dabei nur knapp ein Traumcomeback verpasst. Trotzdem gab es viele lobende Worte f\u00fcr den Bronzemedaillengewinner des letzten Jahres. Diesmal hinderte ihm nur ein ungl\u00fcckliches Los um aufs Podest zu kommen.<br \/>\nMit kleinen Teilerfolgen in den Vorrunden beendeten die Greifswalder Timur Marziev, Eric Ute\u00df (beide 54 kg), Ilian Marziev (69 kg), Artur Schmidt (76 kg) sowie die Torgelower Erik Rehbein und Gordon Rehbein (beide 63 kg) das Meisterschaftsturnier. Diesen Jungs muss man aber allerdings gro\u00dfen k\u00e4mpferischen Einsatz best\u00e4tigen.<\/p>\n<p style=\"text-align: justify\">In den kommenden Tagen wird der Bundestrainer Maik Bullmann seine Mannschaft f\u00fcr ein Vorbereitungsturnier in der T\u00fcrkei benennen und da geht es dann schon um die Teilnahme an der Kadetten-EM Mitte Mai in Bulgarien. F\u00fcr beide Ma\u00dfnahmen k\u00f6nnten sich bei entsprechender Leistung die Br\u00fcder Alexander und Andrej Ginc empfehlen.<\/p>\n<p><a title=\"Freistil\" href=\"https:\/\/plus.google.com\/photos\/117710441538918302934\/albums\/5996648548077364561?authkey=CKn3uf6q7ZmPCg\" target=\"_blank\">\u00a0https:\/\/plus.google.com\/photos\/117710441538918302934\/albums\/5996648548077364561?authkey=CKn3uf6q7ZmPCg<\/a><\/p>\n<p><a title=\"Fotoserie 1\" href=\"https:\/\/picasaweb.google.com\/105882088140256014177\/Ringen2014DMJugendAGrRomLadenburgFreitag\">https:\/\/picasaweb.google.com\/105882088140256014177\/Ringen2014DMJugendAGrRomLadenburgFreitag<\/a><\/p>\n<p><a title=\"Fotoserie 2\" href=\"http:\/\/www.sav-torgelow-ringen.de\/RV%20MV2\/wordpress_341-de\/wordpress\/?p=2634\" target=\"_blank\">https:\/\/picasaweb.google.com\/105882088140256014177\/Ringen2014DMJugendALadenburgGrRomSonnabendVormittag<\/a><\/p>\n<p><a title=\"Fotoserie 3\" href=\"http:\/\/www.sav-torgelow-ringen.de\/RV%20MV2\/wordpress_341-de\/wordpress\/?p=2640\" target=\"_blank\">https:\/\/picasaweb.google.com\/105882088140256014177\/Ringen2014DMLadenburgJugendAGrRomSonnabendNachmittag<\/a><\/p>\n<p><a title=\"Fotoserie 4\" href=\"http:\/\/www.sav-torgelow-ringen.de\/RV%20MV2\/wordpress_341-de\/wordpress\/?p=2657\" target=\"_blank\">https:\/\/picasaweb.google.com\/105882088140256014177\/Ringen2014DMJugendALadenburgFinalkampfe<\/a><\/p>\n<p>&nbsp;<\/p>\n","protected":false},"excerpt":{"rendered":"<p>In Berlin und Ladenburg fanden die Deutschen Meisterschaften im Ringen f\u00fcr den Altersbereich der Kadetten (Jugend A\/15-17 Jahre) statt. Die Freistiler trugen ihre Titelk\u00e4mpfe beim SV Luftfahrt Berlin in der Bundeshauptstadt aus, f\u00fcr die Athleten des griechisch-r\u00f6mischen Stils ging es nach Ladenburg (Ringerverband Nordbaden). Der Landesfachverband Mecklenburg-Vorpommern war<\/p>\n","protected":false},"author":2,"featured_media":0,"comment_status":"open","ping_status":"open","sticky":false,"template":"","format":"standard","meta":{"footnotes":""},"categories":[1],"tags":[],"class_list":["post-2706","post","type-post","status-publish","format-standard","hentry","category-allgemein"],"_links":{"self":[{"href":"https:\/\/www.ringen-mv.de\/index.php?rest_route=\/wp\/v2\/posts\/2706","targetHints":{"allow":["GET"]}}],"collection":[{"href":"https:\/\/www.ringen-mv.de\/index.php?rest_route=\/wp\/v2\/posts"}],"about":[{"href":"https:\/\/www.ringen-mv.de\/index.php?rest_route=\/wp\/v2\/types\/post"}],"author":[{"embeddable":true,"href":"https:\/\/www.ringen-mv.de\/index.php?rest_route=\/wp\/v2\/users\/2"}],"replies":[{"embeddable":true,"href":"https:\/\/www.ringen-mv.de\/index.php?rest_route=%2Fwp%2Fv2%2Fcomments&post=2706"}],"version-history":[{"count":9,"href":"https:\/\/www.ringen-mv.de\/index.php?rest_route=\/wp\/v2\/posts\/2706\/revisions"}],"predecessor-version":[{"id":2716,"href":"https:\/\/www.ringen-mv.de\/index.php?rest_route=\/wp\/v2\/posts\/2706\/revisions\/2716"}],"wp:attachment":[{"href":"https:\/\/www.ringen-mv.de\/index.php?rest_route=%2Fwp%2Fv2%2Fmedia&parent=2706"}],"wp:term":[{"taxonomy":"category","embeddable":true,"href":"https:\/\/www.ringen-mv.de\/index.php?rest_route=%2Fwp%2Fv2%2Fcategories&post=2706"},{"taxonomy":"post_tag","embeddable":true,"href":"https:\/\/www.ringen-mv.de\/index.php?rest_route=%2Fwp%2Fv2%2Ftags&post=2706"}],"curies":[{"name":"wp","href":"https:\/\/api.w.org\/{rel}","templated":true}]}}