{"id":2814,"date":"2014-05-12T10:37:19","date_gmt":"2014-05-12T08:37:19","guid":{"rendered":"http:\/\/www.sav-torgelow-ringen.de\/RV%20MV2\/wordpress_341-de\/wordpress\/?p=2814"},"modified":"2014-05-21T19:33:59","modified_gmt":"2014-05-21T17:33:59","slug":"alexander-ginc-mit-platz-12-bei-erster-em-teilnahme","status":"publish","type":"post","link":"https:\/\/www.ringen-mv.de\/?p=2814","title":{"rendered":"Alexander Ginc mit Platz 12 bei erster EM-Teilnahme"},"content":{"rendered":"<p style=\"text-align: justify;\"><a href=\"http:\/\/www.ringen-mv.de\/wp-content\/uploads\/2014\/05\/IMG_8988.jpg\" target=\"_blank\"><img loading=\"lazy\" decoding=\"async\" class=\"alignleft size-thumbnail wp-image-2815\" src=\"http:\/\/www.ringen-mv.de\/wp-content\/uploads\/2014\/05\/IMG_8988-150x150.jpg\" alt=\"IMG_8988\" width=\"150\" height=\"150\" \/><\/a>In Samokov (Bulgarien) fanden die Europameisterschaften der Ringer im Kadettenalter (15-17 Jahre) statt. Im Aufgebot der Deutschen Nationalmannschaft stand auch Alexander Ginc (50 kg) vom SAV Torgelow. Der junge Bursche ist Sportsch\u00fcler der Eliteschule des Sports in Frankfurt\/Oder und konnte sich in diesem Jahr f\u00fcr die Nationalmannschaft durch seinen Titelgewinn bei den Junioren und Platz 3 bei den A-jugendlichen auf nationaler Ebene empfehlen.<\/p>\n<p style=\"text-align: justify;\"><!--more--><br \/>\nVor der EM konnte sich Alexander mit einem 8.Platz bei einem gro\u00dfen internationalen Turnier in Antalya (T\u00fcrkei) noch wertvolle Erfahrungen holen.<br \/>\nIn Samokov (60 km s\u00fcdlich von Sofia) gingen 20 Athleten in der 50 kg-Klasse an den Start und der 16j\u00e4hrigen Sportsch\u00fcler hatte keine leichte Auslosung erwischt. Im ersten Duell musste er sich nach tollem Kampf dem sp\u00e4teren Vizeeuropameister Ugur Davut Beytekin (T\u00fcrkei) knapp mit 2:3 geschlagen geben. Hier w\u00e4re schon eine gro\u00dfe \u00dcberraschung m\u00f6glich gewesen. Da Beytekin ins Finale einzog konnte Alexander in die Hoffnungsrunde einziehen. Sein Gegner Dorin Cojocari (Moldawien) sollte am Ende den 5.Platz belegen. Alexander beendete diesen dramatischen Kampf mit einer 9 zu 13 Niederlage, wobei die F\u00fchrung st\u00e4ndig wechselte und es sogar fast zu einem Schultersieg f\u00fcr den Ueckerst\u00e4dter gekommen w\u00e4re, aber es reichte leider nicht aus am Ende. Damit das Aus in der Hoffnungsrunde und Platz 12 f\u00fcr den jungen Athleten bei seiner ersten EM-Teilnahme.<\/p>\n","protected":false},"excerpt":{"rendered":"<p>In Samokov (Bulgarien) fanden die Europameisterschaften der Ringer im Kadettenalter (15-17 Jahre) statt. Im Aufgebot der Deutschen Nationalmannschaft stand auch Alexander Ginc (50 kg) vom SAV Torgelow. Der junge Bursche ist Sportsch\u00fcler der Eliteschule des Sports in Frankfurt\/Oder und konnte sich in diesem Jahr f\u00fcr die Nationalmannschaft durch<\/p>\n","protected":false},"author":2,"featured_media":0,"comment_status":"open","ping_status":"open","sticky":false,"template":"","format":"standard","meta":{"footnotes":""},"categories":[1,8],"tags":[],"class_list":["post-2814","post","type-post","status-publish","format-standard","hentry","category-allgemein","category-torgelow"],"_links":{"self":[{"href":"https:\/\/www.ringen-mv.de\/index.php?rest_route=\/wp\/v2\/posts\/2814","targetHints":{"allow":["GET"]}}],"collection":[{"href":"https:\/\/www.ringen-mv.de\/index.php?rest_route=\/wp\/v2\/posts"}],"about":[{"href":"https:\/\/www.ringen-mv.de\/index.php?rest_route=\/wp\/v2\/types\/post"}],"author":[{"embeddable":true,"href":"https:\/\/www.ringen-mv.de\/index.php?rest_route=\/wp\/v2\/users\/2"}],"replies":[{"embeddable":true,"href":"https:\/\/www.ringen-mv.de\/index.php?rest_route=%2Fwp%2Fv2%2Fcomments&post=2814"}],"version-history":[{"count":3,"href":"https:\/\/www.ringen-mv.de\/index.php?rest_route=\/wp\/v2\/posts\/2814\/revisions"}],"predecessor-version":[{"id":2825,"href":"https:\/\/www.ringen-mv.de\/index.php?rest_route=\/wp\/v2\/posts\/2814\/revisions\/2825"}],"wp:attachment":[{"href":"https:\/\/www.ringen-mv.de\/index.php?rest_route=%2Fwp%2Fv2%2Fmedia&parent=2814"}],"wp:term":[{"taxonomy":"category","embeddable":true,"href":"https:\/\/www.ringen-mv.de\/index.php?rest_route=%2Fwp%2Fv2%2Fcategories&post=2814"},{"taxonomy":"post_tag","embeddable":true,"href":"https:\/\/www.ringen-mv.de\/index.php?rest_route=%2Fwp%2Fv2%2Ftags&post=2814"}],"curies":[{"name":"wp","href":"https:\/\/api.w.org\/{rel}","templated":true}]}}