{"id":2848,"date":"2014-05-27T16:07:58","date_gmt":"2014-05-27T14:07:58","guid":{"rendered":"http:\/\/www.sav-torgelow-ringen.de\/RV%20MV2\/wordpress_341-de\/wordpress\/?p=2848"},"modified":"2014-05-27T16:32:45","modified_gmt":"2014-05-27T14:32:45","slug":"tom-linke-erkaempft-platz-7-bei-den-deutschen-meisterschaften","status":"publish","type":"post","link":"https:\/\/www.ringen-mv.de\/?p=2848","title":{"rendered":"Tom Linke erk\u00e4mpft Platz 7 bei den Deutschen Meisterschaften"},"content":{"rendered":"<p style=\"text-align: justify;\"><a href=\"http:\/\/www.ringen-mv.de\/wp-content\/uploads\/2014\/05\/logo-stralsund.png\"><img loading=\"lazy\" decoding=\"async\" class=\"alignleft size-full wp-image-2854\" src=\"http:\/\/www.ringen-mv.de\/wp-content\/uploads\/2014\/05\/logo-stralsund.png\" alt=\"logo-stralsund\" width=\"150\" height=\"150\" \/><\/a>Bei den diesj\u00e4hrigen Deutschen Meisterschaften der M\u00e4nner im griechisch \u2013 r\u00f6mischen Ringkampf in Witten (NRW) erk\u00e4mpft der Stralsunder Tom Linke den 7.Platz in der Gewichtsklasse -85 kg.<\/p>\n<p style=\"text-align: justify;\"><!--more--><br \/>\nIm ersten Kampf rang er gegen Julian Neumaier vom KSV Hofstetten ( S\u00fcdbaden), diesen konnte er nach einen hochdramatischen Kampf mit 6 : 3 Punkten f\u00fcr sich entscheiden. Im Viertelfinale musste er gegen Thomas Leffler vom RSV Greiz <span class=\"text_exposed_show\">( Th\u00fcringen) antreten. Hier kam es zum Kampf zweier Athleten die sich beide auf Augenh\u00f6he befinden und kurioser Weise beide f\u00fcr den RSV Greiz in der 2.Bundesliga ringen. In der ersten Runde konnte Leffler Tom mit zwei Techniken \u00fcberraschen und f\u00fchrte 5 : 0. In der zweiten Runde drehte der Sportstudent Tom noch einmal auf und konnte auf 2 : 5 verk\u00fcrzen, was aber an der schmerzlichen Niederlage nichts \u00e4nderte. Am Ende wurde Leffler Dritter und Tom Siebenter. Sein Bruder Rolf Linke ging dieses Jahr auf Grund beruflicher konditioneller Probleme nicht an den Start.<\/span><\/p>\n","protected":false},"excerpt":{"rendered":"<p>Bei den diesj\u00e4hrigen Deutschen Meisterschaften der M\u00e4nner im griechisch \u2013 r\u00f6mischen Ringkampf in Witten (NRW) erk\u00e4mpft der Stralsunder Tom Linke den 7.Platz in der Gewichtsklasse -85 kg.<\/p>\n","protected":false},"author":1,"featured_media":0,"comment_status":"open","ping_status":"open","sticky":false,"template":"","format":"standard","meta":{"footnotes":""},"categories":[16],"tags":[],"class_list":["post-2848","post","type-post","status-publish","format-standard","hentry","category-stralsund"],"_links":{"self":[{"href":"https:\/\/www.ringen-mv.de\/index.php?rest_route=\/wp\/v2\/posts\/2848","targetHints":{"allow":["GET"]}}],"collection":[{"href":"https:\/\/www.ringen-mv.de\/index.php?rest_route=\/wp\/v2\/posts"}],"about":[{"href":"https:\/\/www.ringen-mv.de\/index.php?rest_route=\/wp\/v2\/types\/post"}],"author":[{"embeddable":true,"href":"https:\/\/www.ringen-mv.de\/index.php?rest_route=\/wp\/v2\/users\/1"}],"replies":[{"embeddable":true,"href":"https:\/\/www.ringen-mv.de\/index.php?rest_route=%2Fwp%2Fv2%2Fcomments&post=2848"}],"version-history":[{"count":2,"href":"https:\/\/www.ringen-mv.de\/index.php?rest_route=\/wp\/v2\/posts\/2848\/revisions"}],"predecessor-version":[{"id":2855,"href":"https:\/\/www.ringen-mv.de\/index.php?rest_route=\/wp\/v2\/posts\/2848\/revisions\/2855"}],"wp:attachment":[{"href":"https:\/\/www.ringen-mv.de\/index.php?rest_route=%2Fwp%2Fv2%2Fmedia&parent=2848"}],"wp:term":[{"taxonomy":"category","embeddable":true,"href":"https:\/\/www.ringen-mv.de\/index.php?rest_route=%2Fwp%2Fv2%2Fcategories&post=2848"},{"taxonomy":"post_tag","embeddable":true,"href":"https:\/\/www.ringen-mv.de\/index.php?rest_route=%2Fwp%2Fv2%2Ftags&post=2848"}],"curies":[{"name":"wp","href":"https:\/\/api.w.org\/{rel}","templated":true}]}}