{"id":2899,"date":"2014-06-17T09:27:20","date_gmt":"2014-06-17T07:27:20","guid":{"rendered":"http:\/\/www.sav-torgelow-ringen.de\/RV%20MV2\/wordpress_341-de\/wordpress\/?p=2899"},"modified":"2014-06-17T10:24:45","modified_gmt":"2014-06-17T08:24:45","slug":"warnemuender-traditionsturnier-im-ringen-2014","status":"publish","type":"post","link":"https:\/\/www.ringen-mv.de\/?p=2899","title":{"rendered":"Warnem\u00fcnder Traditionsturnier im Ringen 2014"},"content":{"rendered":"<div id=\"attachment_2900\" style=\"width: 160px\" class=\"wp-caption alignleft\"><a href=\"http:\/\/www.ringen-mv.de\/wp-content\/uploads\/2014\/06\/Die-platzierten-Ringer-des-SV-Warnem\u00fcnde-beim-Warnem\u00fcnder-Traditionsturnier-2014-mit-Ihren-\u00dcbungsleitern-und-unseren-Sponsoren.jpg\"><img loading=\"lazy\" decoding=\"async\" aria-describedby=\"caption-attachment-2900\" class=\"wp-image-2900 size-thumbnail\" src=\"http:\/\/www.ringen-mv.de\/wp-content\/uploads\/2014\/06\/Die-platzierten-Ringer-des-SV-Warnem\u00fcnde-beim-Warnem\u00fcnder-Traditionsturnier-2014-mit-Ihren-\u00dcbungsleitern-und-unseren-Sponsoren-150x150.jpg\" alt=\"Die Warnem\u00fcnder Ringer mit Ihren \u00dcbungsleitern und Sponsoren\" width=\"150\" height=\"150\" \/><\/a><p id=\"caption-attachment-2900\" class=\"wp-caption-text\">Die Warnem\u00fcnder Ringer mit Ihren \u00dcbungsleitern und Sponsoren<\/p><\/div>\n<p style=\"text-align: justify;\">Die Abteilung Ringen des SV Warnem\u00fcnde e.V. 1949 hatte am Samstag, d. 14.06.2014 , zur 43. Auflage des Warnem\u00fcnder Traditionsturnieres im Ringen geladen. Die diesj\u00e4hrige\u00a0 Veranstaltung stand unter dem Motto \u201e65 Jahre Ringkampfsport in Warnem\u00fcnde\u201c, was den Minister f\u00fcr Inneres und Sport des\u00a0 Landes Mecklenburg \/ Vorpommern, Herrn Lorenz Caffier, dazu bewog, die Einladung der Warnem\u00fcnder Ringer in seinem Terminkalender zu ber\u00fccksichtigen.<\/p>\n<p style=\"text-align: justify;\"><!--more--><br \/>\nIm Rahmen der Turnierer\u00f6ffnung richtete der Innenminister ein Gru\u00dfwort an die Teilnehmer und G\u00e4ste\u00a0 und gab seiner Freude Ausdruck, dass der Kampf um den Verbleib der Sportart Ringen im olympischen Programm gewonnen werden konnte.<br \/>\nIn diesem Jahr folgten 135 m\u00e4nnliche und weibliche K\u00e4mpfer aus 19 Vereinen Deutschlands der Einladung des Gastgebers. Die geladenen G\u00e4ste aus dem Ausland (D\u00e4nemark, Finnland, Schweden und Tschechien), von denen zum Teil Zusagen vorlagen, sagten kurzfristig aufgrund von Verpflichtungen in ihren Heimatverb\u00e4nden ab. Dennoch gab es auch in diesem Jahr sehr viele packende Auseinandersetzungen in den einzelnen Alters \u2013 und Gewichtsklassen, so dass die anwesenden Zuschauer voll auf ihre Kosten kamen. Letztendlich waren 196 K\u00e4mpfe notwendig, um die diesj\u00e4hrigen\u00a0 Sieger zu ermitteln.<br \/>\nDie ausgeschriebene Mannschaftswertung f\u00fcr den Nachwuchs gewannen in diesem Jahr die M\u00e4dchen und Jungen des Gastgebers, dicht gefolgt vom RSV Greiz und dem RV L\u00fcbtheen. Unsere Sportfreunde vom PSV Rostock verfehlten einen Podestplatz leider sehr knapp, aber man kann res\u00fcmieren, dass der Rostocker Nachwuchs insgesamt auf einem ansprechenden Weg ist.<br \/>\nBei den M\u00e4nnern dominierten die Bundesligaringer des RSV Greiz, die in ihren Reihen mehrere Medaillengewinner nationaler Meisterschaften aufgeboten hatten.<br \/>\nAn dieser Stelle besten Dank an alle flei\u00dfigen Helfer, die vor, w\u00e4hrend und nach dem Turnier daf\u00fcr sorgten, dass es eine in jeder Hinsicht gelungene Veranstaltung wurde.<br \/>\nOhne die mittlerweile jahrelange gro\u00dfz\u00fcgige Unterst\u00fctzung der Rostocker Dach-Bau GmbH mit den Herren J\u00fcrgen Breuer und Daniel Schultz an der Spitze, w\u00e4re das Warnem\u00fcnder Traditionsturnier in dieser Form nicht machbar. Aus diesem Grund geb\u00fchrt ihnen unser Dank und die Hoffnung auf eine weiterhin gute Zusammenarbeit.<\/p>\n<p style=\"text-align: justify;\">Hans Wittkowski<\/p>\n<ul>\n<li><a href=\"www.nnn.de_sport_lokaler-sport_sport-in-rostock_lorenz-caffier-gratuliert-ringern-id6853851.html_print=1\" target=\"_blank\">Bericht in der NNN<\/a><\/li>\n<li><a href=\"http:\/\/www.liga-db.de\/Turniere\/VT\/MEV\/2014\/DE\/140614_Warnemuende\/indexGER.htm\" target=\"_blank\">alle Ergebnisse<\/a><\/li>\n<li><a href=\"https:\/\/picasaweb.google.com\/105882088140256014177\/Ringen2014TraditionsturnierInWarnemunde\" target=\"_blank\">Fotos<\/a><\/li>\n<\/ul>\n<div id=\"attachment_2901\" style=\"width: 130px\" class=\"wp-caption alignleft\"><a href=\"http:\/\/www.ringen-mv.de\/wp-content\/uploads\/2014\/06\/Innenminister-Lorenz-Caffier.jpg\"><img loading=\"lazy\" decoding=\"async\" aria-describedby=\"caption-attachment-2901\" class=\"size-thumbnail wp-image-2901\" src=\"http:\/\/www.ringen-mv.de\/wp-content\/uploads\/2014\/06\/Innenminister-Lorenz-Caffier-120x150.jpg\" alt=\"Lorenz Caffier\" width=\"120\" height=\"150\" \/><\/a><p id=\"caption-attachment-2901\" class=\"wp-caption-text\">Lorenz Caffier<\/p><\/div>\n<p style=\"text-align: justify;\"><strong>Warnem\u00fcnder Traditionsturnier 2014 im Ringen &#8211; Sportminister Caffier: Ringen bleibt zu Recht olympisch<\/strong><\/p>\n<p style=\"text-align: justify;\">Noch im vorigen Jahr stand das j\u00e4hrlich stattfindende Warnem\u00fcnder Traditionsturnier im Ringen wie so viele andere Ringkampfveranstaltungen unter dem Motto &#8222;Rettet das Ringen&#8220;, denn vom Internationalen Olympischen Komitee war die Streichung dieser Sportart aus dem olympischen Programm vorgesehen. &#8222;Auf dieser Veranstaltung k\u00f6nnen die Ringer jubeln, ihr Kampf um den Verbleib im olympischen Programm war erfolgreich, Ringen als eine der \u00e4ltesten Sportarten \u00fcberhaupt bleibt nun doch olympisch&#8220;, betonte Innen- und Sportminister Lorenz Caffier (Foto) am Samstag anl\u00e4sslich des Turniers. &#8222;So l\u00e4sst sich ein 65-j\u00e4hriges Jubil\u00e4um, wie es die Warnem\u00fcnder Ringer in diesem Jahr begehen, nat\u00fcrlich mit ganz anderen Gef\u00fchlen feiern.&#8220;<br \/>\nDie Abteilung Ringen geh\u00f6rt zu den &#8222;Gr\u00fcndungsabteilungen&#8220; des seit 1949 existierenden Sportvereins Warnem\u00fcnde e.V., der bis 1991 noch unter dem Namen Betriebssportgemeinschaft Motor Warnow Werft bekannt war. Heute hat der Verein insgesamt 1050 Mitglieder, darunter rund 300 Kinder und Jugendliche unter 18 Jahren und rund 750 Erwachsene und Senioren. Rund 80 ehrenamtliche \u00dcbungsleiter k\u00fcmmern sich in 9 verschiedenen Abteilungen um die sportliche Ausbildung der Mitglieder. Der Sportverein Warnem\u00fcnde ist damit einer der gr\u00f6\u00dften Vereine in der Region und auch im Land.<br \/>\nDas 65. Jubil\u00e4um ist zugleich das Motto f\u00fcr das diesj\u00e4hrige Warnem\u00fcnder Traditionsturnier, das seit dem Jahre 1972 &#8211; also auch bereits seit \u00fcber 30 Jahren &#8211; allj\u00e4hrlich Aktive aus ganz Deutschland und befreundeten ausl\u00e4ndischen Vereinen anlockt, um sich im fairen Wettkampf zu messen.<br \/>\nSportminister Caffier: &#8222;Es ist nicht die Frage, ob man sich breiten- und freizeitsportlich orientiert oder im Leistungsbereich seine F\u00e4higkeiten einbringt. Vielmehr geht es darum, sein Leben generell aktiv und sportlich zu gestalten. Sport und Bewegung sind Teil eines gesunden und bewussten Lebensstils.&#8220;<br \/>\nDer Minister dankte den vielen Ehrenamtlichen, die dieses Turnier organisiert haben und durchf\u00fchren werden, sowie den Trainer, Richtern, Familienangeh\u00f6rigen und G\u00e4sten, die den Sportlern zur Seite stehen.<\/p>\n<p style=\"text-align: justify;\">MVPO Schwerin red\/nmp<br \/>\nQuelle: Ministerium f\u00fcr Inneres und Sport M-V<\/p>\n<p style=\"text-align: justify;\"><strong>Einige Fakten zum Warnem\u00fcnder Traditionsturnier im Ringen<\/strong><\/p>\n<p style=\"text-align: justify;\">&#8211; Die V\u00e4ter dieses Turniers sind Klaus Breuer und Joachim Grohmann<br \/>\n&#8211; Erstmals ausgeschrieben 1972<br \/>\nF\u00fcr BSG \u2013 Sportler der DDR \/ M\u00e4nner \/ Freier Ringkampf<br \/>\nWettkampfst\u00e4tte : Sporthalle der 32.POS \u201e Fritz \u2013 Reuter\u201c<br \/>\n&#8211; Seit diesem Zeitpunkt kam das Turnier bis heute j\u00e4hrlich zur Austragung<br \/>\n&#8211; Wurde in den darauffolgenden Jahren p\u00f6 a p\u00f6 in das Programm<br \/>\ndes Betriebssportfestes des \u201eVEB Warnow Werft Warnem\u00fcnde\u201c,<br \/>\ndem Tr\u00e4gerbetrieb der \u201eBSG Motor Warnow Werft\u201c( Vorg\u00e4nger<br \/>\ndes heutigen SV Warnem\u00fcnde e.V. 1949 ) integriert.<br \/>\n&#8211; Da dieses Betriebssportfest\u00a0 auf dem Gel\u00e4nde der \u201eFriedrich \u2013 Jahn \u2013<br \/>\nSportanlage\u201c in Warnem\u00fcnde unter freiem Himmel zur Austragung<br \/>\nkam, wurde auch das Ringerturnier zu einer Freiluftveranstaltung um \u2013<br \/>\nfunktioniert. \u2013 Nur, wenn es die Witterung absolut nicht zulie\u00df, wurde<br \/>\nder Wettkampf in der Sporthalle der 32.POS \u201eFritz \u2013 Reuter\u201c ausgetragen.<br \/>\n&#8211; Das Turnier hatte DDR \u2013 weit einen guten Ruf und war demzufolge j\u00e4hrlich<br \/>\nrecht gut besucht, zumal Aktive daran teilnahmen, die sportlich auf einem<br \/>\n\u00e4hnlichen Level ( DDR \u2013 Oberliga und DDR \u2013 Liga ) agierten.<br \/>\n(Dem staatl. gef\u00f6rderten Leistungssport in der DDR war beim Ringkampf<br \/>\nder Wettkampf in der damaligen Meisterklasse vorbehalten.)<br \/>\n&#8211; Die meisten der angereisten Aktiven nutzten die M\u00f6glichkeit zur \u00dcbernachtung<br \/>\nin den G\u00e4stezimmern des \u201eHaus des Sportes\u201c(Sporthalle der BSG Motor Warnow<br \/>\nWerft mit G\u00e4stezimmern f\u00fcr Sportler) und konnten so einen begehrten Kurz \u2013<br \/>\naufenthalt an der Ostsee daraus machen.<br \/>\n&#8211; Mit der politischen Wende nahmen die Teilnehmerzahlen bei den M\u00e4nnern, denen<br \/>\ndieses Turnier urspr\u00fcnglich vorbehalten war, drastisch ab.<br \/>\nEs begann die Zeit sich umzuorientieren und man begann das Turnier auch dem<br \/>\nNachwuchs ( Sch\u00fcler und Jugendliche ) zug\u00e4nglich zu machen. \u2013 Zudem wurde es<br \/>\nnun auch m\u00f6glich, G\u00e4ste aus dem Ausland einzuladen, was dem Turnier nat\u00fcrlich<br \/>\nsehr zutr\u00e4glich war.<br \/>\n&#8211; Ein recht entscheidender Einschnitt war der Wegfall der Warnow Werft als Tr\u00e4ger \u2013<br \/>\nbetrieb f\u00fcr den Verein. Damit fand auch das o.g. Betriebssportfest nicht mehr statt,<br \/>\nsodass der Rahmen f\u00fcr unser Turnier nicht mehr gegeben war.<br \/>\nDas Turnier nicht mehr stattfinden zu lassen, stand jedoch nie zur Debatte.<br \/>\nAls j\u00e4hrliche feste Wettkampfst\u00e4tte wurde nun, wie urspr\u00fcnglich auch, die Sporthalle<br \/>\nder Fritz \u2013 Reuter \u2013 Oberschule gew\u00e4hlt.<br \/>\n&#8211; Mit der \u00dcbernahme durch die ecolea Private Berufliche Schule Rostock war die Nutzung<br \/>\nder Sporthalle, deren bauliche \u00dcberholung l\u00e4ngst \u00fcberf\u00e4llig war, f\u00fcr unser Turnier<br \/>\nnicht mehr gegeben und wir mussten in das Neubaugebiet Gro\u00df \u2013 Klein in die Sporthalle<br \/>\nim Ger\u00fcstbauerring umsiedeln.<br \/>\n&#8211; Seit dem Jahre 2011 sind wir mit unserem Turnier wieder in unserem \u201cWohnzimmer\u201c<br \/>\nin Warnem\u00fcnde!<br \/>\nDie Teilnehmerzahlen sind in den letzten Jahren recht gut und bewegen sich zwischen<br \/>\n120 und 150 Sportler aus Deutschland, Skandinavien und Polen, wobei der Nachwuchs<br \/>\nden gr\u00f6\u00dften Teil stellt, was f\u00fcr unsere Sportart insgesamt sicherlich sehr f\u00f6rderlich ist.<br \/>\n&#8211; Diese Turnier wird seit Jahren von der<br \/>\n<a title=\"Rostocker Dach-Bau GmbH\" href=\"http:\/\/rostockerdachbau.de\/\" target=\"_blank\">Rostocker Dach-Bau GmbH<\/a><br \/>\nmit den Herren J\u00fcrgen Breuer und Daniel Schultz an der Spitze, sehr gro\u00dfz\u00fcgig unterst\u00fctzt.<\/p>\n","protected":false},"excerpt":{"rendered":"<p>Die Abteilung Ringen des SV Warnem\u00fcnde e.V. 1949 hatte am Samstag, d. 14.06.2014 , zur 43. Auflage des Warnem\u00fcnder Traditionsturnieres im Ringen geladen. Die diesj\u00e4hrige\u00a0 Veranstaltung stand unter dem Motto \u201e65 Jahre Ringkampfsport in Warnem\u00fcnde\u201c, was den Minister f\u00fcr Inneres und Sport des\u00a0 Landes Mecklenburg \/ Vorpommern, Herrn<\/p>\n","protected":false},"author":2,"featured_media":0,"comment_status":"open","ping_status":"open","sticky":false,"template":"","format":"standard","meta":{"footnotes":""},"categories":[17],"tags":[],"class_list":["post-2899","post","type-post","status-publish","format-standard","hentry","category-warnemunde"],"_links":{"self":[{"href":"https:\/\/www.ringen-mv.de\/index.php?rest_route=\/wp\/v2\/posts\/2899","targetHints":{"allow":["GET"]}}],"collection":[{"href":"https:\/\/www.ringen-mv.de\/index.php?rest_route=\/wp\/v2\/posts"}],"about":[{"href":"https:\/\/www.ringen-mv.de\/index.php?rest_route=\/wp\/v2\/types\/post"}],"author":[{"embeddable":true,"href":"https:\/\/www.ringen-mv.de\/index.php?rest_route=\/wp\/v2\/users\/2"}],"replies":[{"embeddable":true,"href":"https:\/\/www.ringen-mv.de\/index.php?rest_route=%2Fwp%2Fv2%2Fcomments&post=2899"}],"version-history":[{"count":11,"href":"https:\/\/www.ringen-mv.de\/index.php?rest_route=\/wp\/v2\/posts\/2899\/revisions"}],"predecessor-version":[{"id":2914,"href":"https:\/\/www.ringen-mv.de\/index.php?rest_route=\/wp\/v2\/posts\/2899\/revisions\/2914"}],"wp:attachment":[{"href":"https:\/\/www.ringen-mv.de\/index.php?rest_route=%2Fwp%2Fv2%2Fmedia&parent=2899"}],"wp:term":[{"taxonomy":"category","embeddable":true,"href":"https:\/\/www.ringen-mv.de\/index.php?rest_route=%2Fwp%2Fv2%2Fcategories&post=2899"},{"taxonomy":"post_tag","embeddable":true,"href":"https:\/\/www.ringen-mv.de\/index.php?rest_route=%2Fwp%2Fv2%2Ftags&post=2899"}],"curies":[{"name":"wp","href":"https:\/\/api.w.org\/{rel}","templated":true}]}}