{"id":2945,"date":"2014-07-07T07:41:33","date_gmt":"2014-07-07T05:41:33","guid":{"rendered":"http:\/\/www.sav-torgelow-ringen.de\/RV%20MV2\/wordpress_341-de\/wordpress\/?p=2945"},"modified":"2014-07-08T17:54:52","modified_gmt":"2014-07-08T15:54:52","slug":"65-jahre-ringkampfsport-in-warnemuende","status":"publish","type":"post","link":"https:\/\/www.ringen-mv.de\/?p=2945","title":{"rendered":"65 Jahre Ringkampfsport in Warnem\u00fcnde"},"content":{"rendered":"<p style=\"text-align: justify;\"><a href=\"http:\/\/www.ringen-mv.de\/wp-content\/uploads\/2014\/07\/65-Jahre-Ringkampfsport-in-Warnem\u00fcnde.jpg\"><img loading=\"lazy\" decoding=\"async\" class=\"alignleft size-full wp-image-2946\" src=\"http:\/\/www.ringen-mv.de\/wp-content\/uploads\/2014\/07\/65-Jahre-Ringkampfsport-in-Warnem\u00fcnde.jpg\" alt=\"65 Jahre Ringkampfsport in Warnem\u00fcnde\" width=\"800\" height=\"239\" srcset=\"https:\/\/www.ringen-mv.de\/wp-content\/uploads\/2014\/07\/65-Jahre-Ringkampfsport-in-Warnem\u00fcnde.jpg 800w, https:\/\/www.ringen-mv.de\/wp-content\/uploads\/2014\/07\/65-Jahre-Ringkampfsport-in-Warnem\u00fcnde-300x89.jpg 300w, https:\/\/www.ringen-mv.de\/wp-content\/uploads\/2014\/07\/65-Jahre-Ringkampfsport-in-Warnem\u00fcnde-500x149.jpg 500w\" sizes=\"auto, (max-width: 800px) 100vw, 800px\" \/><\/a>Zur Feier dieses Jubil\u00e4ums hatten die Warnem\u00fcnder Ringer zum 5.Juli 2014 in das Elmenhorster Gemeindezentrum eingeladen. 105 aktive und ehemalige Sportfreunde waren dem Ruf zum Feiern, Wiedersehen und Kennenlernen gefolgt, denn es waren Ringer aus jeder Epoche des Bestehens der Warnem\u00fcnder Ringergemeinde anwesend.<\/p>\n<p style=\"text-align: justify;\">\n<p style=\"text-align: justify;\"><!--more-->Nachdem ein gro\u00dfer Teil der angereisten G\u00e4ste mit den aktiven Sportlern am Warnem\u00fcnder Umgang teilgenommen hatte und mit oben abgebildeten Banner ( 3,0 x 1,5 m ) f\u00fcr gewisses Aufsehen sorgte, erfolgte der Transfer nach Elmenhorst. Dieser verlief trotz der gewaltigen Menschenmassen, die an diesem Tag in Warnem\u00fcnde unterwegs waren, recht reibungslos. Dort angekommen, wurde nach einer kurzen \u201eWiedererkennungsphase\u201c und einer Er\u00f6ffnungsansprache den Feierlichkeiten freier Lauf gew\u00e4hrt, was alle Teilnehmer dankend annahmen, denn es gab einfach zu viel \u00fcber die fr\u00fcheren Wettk\u00e4mpfe, gemeinsam Erlebtes und auch Gegenw\u00e4rtiges zu erz\u00e4hlen. Dabei gilt es zu bedenken, dass sich einige Sportfreunde nach 40 Jahren wiedergesehen haben. Bei gutem Essen ( Wildschwein, Lamm vom Spie\u00df und R\u00e4ucherfisch ), was den ganzen Tag \u00fcber gereicht wurde, sowie einem wohl gezapften Bier verging die Zeit bei sonnigem Wetter wie im Fluge und der Tag war f\u00fcr dieses Wiedersehen eigentlich viel zu kurz. Zur Erinnerung hielten die Gastgeber f\u00fcr jeden Teilnehmer eine CD bereit, auf der nochmals der bisherige Weg der Warnem\u00fcnder Ringer dokumentiert ist.<br \/>\nAlle Sportfreunde waren des Lobes voll f\u00fcr die gelungene Veranstaltung und gaben ihrer Hoffnung Ausdruck, dass zum n\u00e4chstm\u00f6glichen Anlass etwas \u00c4hnliches wieder stattfinden sollte.<br \/>\nAus diesem Grund m\u00f6chte ich mich auf diesem Wege bei allen Sponsoren und Helfern bedanken, die im Rahmen der Vorbereitung und Durchf\u00fchrung dieser Veranstaltung wahrlich gro\u00dfes geleistet haben.<br \/>\nHier noch ein paar erw\u00e4hnenswerte Daten zu einigen Teilnehmern :<br \/>\nDer erfolgreichste anwesende Sportler war Joachim Grohmann ( 8 x DDR \u2013 Meister im Ringen und 3 x DDR \u2013 Meister in der Sportakrobatik )<br \/>\nDen 1. nationalen Titel f\u00fcr die Warnem\u00fcnder Ringer ( DDR \u2013 Meister\/Freier Ringkampf \/ Jugend \/ bis 47Kg ) errang Eckardt Thorun im Jahre 1955.<br \/>\nMit 4 Weltmeistertiteln bei den Veteranenringern rangiert Siegfried Jozlowski bei den international errungenen Erfolgen auf Platz 1.<\/p>\n<p style=\"text-align: justify;\">Hans Wittkowski<\/p>\n","protected":false},"excerpt":{"rendered":"<p>Zur Feier dieses Jubil\u00e4ums hatten die Warnem\u00fcnder Ringer zum 5.Juli 2014 in das Elmenhorster Gemeindezentrum eingeladen. 105 aktive und ehemalige Sportfreunde waren dem Ruf zum Feiern, Wiedersehen und Kennenlernen gefolgt, denn es waren Ringer aus jeder Epoche des Bestehens der Warnem\u00fcnder Ringergemeinde anwesend.<\/p>\n","protected":false},"author":2,"featured_media":0,"comment_status":"open","ping_status":"open","sticky":false,"template":"","format":"standard","meta":{"footnotes":""},"categories":[17],"tags":[],"class_list":["post-2945","post","type-post","status-publish","format-standard","hentry","category-warnemunde"],"_links":{"self":[{"href":"https:\/\/www.ringen-mv.de\/index.php?rest_route=\/wp\/v2\/posts\/2945","targetHints":{"allow":["GET"]}}],"collection":[{"href":"https:\/\/www.ringen-mv.de\/index.php?rest_route=\/wp\/v2\/posts"}],"about":[{"href":"https:\/\/www.ringen-mv.de\/index.php?rest_route=\/wp\/v2\/types\/post"}],"author":[{"embeddable":true,"href":"https:\/\/www.ringen-mv.de\/index.php?rest_route=\/wp\/v2\/users\/2"}],"replies":[{"embeddable":true,"href":"https:\/\/www.ringen-mv.de\/index.php?rest_route=%2Fwp%2Fv2%2Fcomments&post=2945"}],"version-history":[{"count":10,"href":"https:\/\/www.ringen-mv.de\/index.php?rest_route=\/wp\/v2\/posts\/2945\/revisions"}],"predecessor-version":[{"id":2964,"href":"https:\/\/www.ringen-mv.de\/index.php?rest_route=\/wp\/v2\/posts\/2945\/revisions\/2964"}],"wp:attachment":[{"href":"https:\/\/www.ringen-mv.de\/index.php?rest_route=%2Fwp%2Fv2%2Fmedia&parent=2945"}],"wp:term":[{"taxonomy":"category","embeddable":true,"href":"https:\/\/www.ringen-mv.de\/index.php?rest_route=%2Fwp%2Fv2%2Fcategories&post=2945"},{"taxonomy":"post_tag","embeddable":true,"href":"https:\/\/www.ringen-mv.de\/index.php?rest_route=%2Fwp%2Fv2%2Ftags&post=2945"}],"curies":[{"name":"wp","href":"https:\/\/api.w.org\/{rel}","templated":true}]}}