{"id":3281,"date":"2015-01-13T09:53:15","date_gmt":"2015-01-13T07:53:15","guid":{"rendered":"http:\/\/www.sav-torgelow-ringen.de\/RV%20MV2\/wordpress_341-de\/wordpress\/?p=3281"},"modified":"2015-01-13T09:54:09","modified_gmt":"2015-01-13T07:54:09","slug":"3281","status":"publish","type":"post","link":"https:\/\/www.ringen-mv.de\/?p=3281","title":{"rendered":"L\u00fcbtheen feiert seine Ringer"},"content":{"rendered":"<p style=\"text-align: justify;\"><em>von Thomas Willmann SVZ<\/em><\/p>\n<p style=\"text-align: justify;\">Zweitligist schlie\u00dft Saison nach 19:8-Sieg gegen Thalheim als Tabellenf\u00fchrer ab \/ Erstliga-Aufstieg in diesem Jahr noch kein Thema<\/p>\n<p style=\"text-align: justify;\">Bis f\u00fcnf Uhr in der Fr\u00fch ging die ausgelassene Party in der L\u00fcbtheener Hans-Oldag-Halle: Die Zweitliga-Ringer des RV L\u00fcbtheen haben nach ihrer Vizemeisterschaft im Vorjahr noch einen drauf gesetzt und sich Platz eins in der Staffel Nord gesichert.<\/p>\n<p style=\"text-align: justify;\"><!--more--><\/p>\n<p style=\"text-align: justify;\">So weist es die offizielle Tabelle des Deutschen Ringerbundes aus, die den RVL mit einem Punkt vor dem FC Erzgebirge Aue f\u00fchrt. Grundlage ist ein aktuelles Urteil der Rechtskommission des Deutschen Ringerbundes. Die hatte den Kampf der Vorwoche zwischen Pausa\/Plauen und Aue (Abbruch wegen Bierbecherwurfes, SVZ berichtete) f\u00fcr beide Mannschaften als verloren gewertet. Trotzdem herrschte nach dem abschlie\u00dfenden 19:8-Erfolg der Lindenst\u00e4dter gegen den RV Thalheim eine gewisse Unsicherheit vor. Von einem Auer Einspruchsrecht war die Rede.<\/p>\n<p style=\"text-align: justify;\">Aber ob nun Meister oder Vize: Den Fans in der proppevollen Hans-Oldag-Halle schien das ohnehin egal. Sie wollten ihre Jungs feiern. Die Parkplatzsuche gestaltete sich schon lange vor Kampfbeginn schwierig, im Eingangsbereich war Geduld gefragt. Die Vorstellung der Mannschaften sorgte f\u00fcr ein erstes G\u00e4nsehaut-Feeling. \u201eIn L\u00fcbtheen war ja immer gute Stimmung. Aber heute ist das bombastisch\u201c, meinte der Thalheimer Trainer R\u00fcdiger M\u00f6hring anerkennend mit einem Blick in die Runde. Die G\u00e4ste hatten sich einiges vorgenommen, mussten allerdings einen kurzfristigen Ausfall verkraften. Das Nichtbesetzen der Gewichtsklasse bis 75 kg (Freistil) kostete sie vier Punkte.<\/p>\n<p style=\"text-align: justify;\">Auf der Matte sorgte L\u00fcbtheens Youngster Alexander Ginc mit seinem Punktsieg (2:0) f\u00fcr einen guten Auftakt. Der 16-J\u00e4hrige beendete die Saison ungeschlagen. Da alle \u201eschweren Jungs\u201c des RVL verhindert waren, stellte sich Ceven Matthes anschlie\u00dfend dem mehr als 20 Kilogramm schwereren Marcel B\u00f6hme und musste die \u00dcberlegenheit des Deutschen Meisters von 2013 anerkennen. In die halbst\u00fcndige Pause ging es mit einem 9:5 f\u00fcr die Lokalmatadoren. Abgesehen von B\u00f6hmes vier Punkten konnten die sich teuer verkaufenden Thalheimer im Kampfverlauf lediglich knappe Siege des geb\u00fcrtigen Teterowers Alexander Grebensikov gegen Anders Ekstr\u00f6m und Benjamin Opitz gegen Sebastian Otto (jeweils ein Punkt) sowie einen mit zwei Z\u00e4hlern bewerteten Erfolg von Petr Nov\u00e1k gegen Atanas Kolev verbuchen. Das L\u00fcbtheener Konto hatten Mitko Asenov (3:0), Rajbek Bisultanov (4:0) und Dennis Langner (2:0) zum zwischenzeitlichen 11:8 \u201egef\u00fcttert\u201c. Da Sebastian Nowaks kampflose vier Punkte draufgepackt wurden, stand der Gesamtsieg des RVL schon vor Fredrik Bjerrehuus Auftritt fest. Das hinderte den d\u00e4nischen Meister aber nicht daran, gegen den 19-j\u00e4hrigen Alois St\u00fcrmer gewohnt spektakul\u00e4r zu einem vorzeitigen \u00dcberlegenheitssieg zu st\u00fcrmen (4:0) und den umjubelten Schlusspunkt zu setzen.<\/p>\n<p style=\"text-align: justify;\">Die Aktiven bedankten sich mit mehreren Laola-Wellen bei ihren Fans, der RVL-Vereinsvorsitzende Bert Compas flog durch die Luft: \u201eDas ist \u00fcberw\u00e4ltigend. Nach einigen Startschwierigkeiten haben wir ein kleines Ringer-Wunder vollbracht.\u201c Bei aller Euphorie gelte es aber, die Kirche im Dorf zu lassen (O-Ton Compas): \u201eEin Aufstieg in die erste Liga kommt f\u00fcr uns nicht in Frage \u2013 ich betone, noch nicht. Das w\u00e4re sportlich einfach zu fr\u00fch.\u201c<\/p>\n","protected":false},"excerpt":{"rendered":"<p>von Thomas Willmann SVZ Zweitligist schlie\u00dft Saison nach 19:8-Sieg gegen Thalheim als Tabellenf\u00fchrer ab \/ Erstliga-Aufstieg in diesem Jahr noch kein Thema Bis f\u00fcnf Uhr in der Fr\u00fch ging die ausgelassene Party in der L\u00fcbtheener Hans-Oldag-Halle: Die Zweitliga-Ringer des RV L\u00fcbtheen haben nach ihrer Vizemeisterschaft im Vorjahr noch<\/p>\n","protected":false},"author":1,"featured_media":3284,"comment_status":"open","ping_status":"open","sticky":false,"template":"","format":"standard","meta":{"footnotes":""},"categories":[4],"tags":[],"class_list":["post-3281","post","type-post","status-publish","format-standard","has-post-thumbnail","hentry","category-lubtheen"],"_links":{"self":[{"href":"https:\/\/www.ringen-mv.de\/index.php?rest_route=\/wp\/v2\/posts\/3281","targetHints":{"allow":["GET"]}}],"collection":[{"href":"https:\/\/www.ringen-mv.de\/index.php?rest_route=\/wp\/v2\/posts"}],"about":[{"href":"https:\/\/www.ringen-mv.de\/index.php?rest_route=\/wp\/v2\/types\/post"}],"author":[{"embeddable":true,"href":"https:\/\/www.ringen-mv.de\/index.php?rest_route=\/wp\/v2\/users\/1"}],"replies":[{"embeddable":true,"href":"https:\/\/www.ringen-mv.de\/index.php?rest_route=%2Fwp%2Fv2%2Fcomments&post=3281"}],"version-history":[{"count":2,"href":"https:\/\/www.ringen-mv.de\/index.php?rest_route=\/wp\/v2\/posts\/3281\/revisions"}],"predecessor-version":[{"id":3283,"href":"https:\/\/www.ringen-mv.de\/index.php?rest_route=\/wp\/v2\/posts\/3281\/revisions\/3283"}],"wp:featuredmedia":[{"embeddable":true,"href":"https:\/\/www.ringen-mv.de\/index.php?rest_route=\/wp\/v2\/media\/3284"}],"wp:attachment":[{"href":"https:\/\/www.ringen-mv.de\/index.php?rest_route=%2Fwp%2Fv2%2Fmedia&parent=3281"}],"wp:term":[{"taxonomy":"category","embeddable":true,"href":"https:\/\/www.ringen-mv.de\/index.php?rest_route=%2Fwp%2Fv2%2Fcategories&post=3281"},{"taxonomy":"post_tag","embeddable":true,"href":"https:\/\/www.ringen-mv.de\/index.php?rest_route=%2Fwp%2Fv2%2Ftags&post=3281"}],"curies":[{"name":"wp","href":"https:\/\/api.w.org\/{rel}","templated":true}]}}