{"id":3285,"date":"2015-01-13T12:56:17","date_gmt":"2015-01-13T10:56:17","guid":{"rendered":"http:\/\/www.sav-torgelow-ringen.de\/RV%20MV2\/wordpress_341-de\/wordpress\/?p=3285"},"modified":"2015-01-13T23:34:16","modified_gmt":"2015-01-13T21:34:16","slug":"bundestrainer-ruft-zum-kaderturnier-der-kadetten","status":"publish","type":"post","link":"https:\/\/www.ringen-mv.de\/?p=3285","title":{"rendered":"Bundestrainer ruft zum Kaderturnier der Kadetten"},"content":{"rendered":"<p style=\"text-align: justify;\">Gleich zum Jahresauftakt lud Bundestrainer Maik Bullmann seine Kadetten (15-17 Jahre) zum Kaderturnier nach Bindlach (Bayern) ein. Hier k\u00f6nnen sich die Nachwuchsk\u00e4mpfer des griechisch-r\u00f6mischen Ringkampfes schon vor den Titelk\u00e4mpfen im Fr\u00fchjahr f\u00fcr eventuelle internationale Aufgaben empfehlen. F\u00fcr den Ringerverband Mecklenburg-Vorpommern gingen 6 Athleten an den Start, sie erk\u00e4mpften am Ende 4 Medaillen.<\/p>\n<p style=\"text-align: justify;\"><!--more--><\/p>\n<p style=\"text-align: justify;\">Mit gro\u00dfem Kampfgeist trumpften die Br\u00fcder Alexander und Andrej Ginc auf. Ungef\u00e4hrdet holten sie die Klassensiege f\u00fcr den SAV Torgelow in der 54 und 58 kg-Klasse. Knapp an Gold vorbei erk\u00e4mpft sich Anthony Foth (Torgelow) in der 63 kg-Kategorie die Silbermedaille. Karl Marbach (Greifswalder RV) konnte sich die Bronzemedaille in der 85 kg-Klasse sichern. Jeweils Platz 9 bleiben f\u00fcr die Br\u00fcder Erik und Gordon Rehbein (Torgelow\/69 kg) die mit etwas mehr Gl\u00fcck sogar noch weiter nach vorne kommen h\u00e4tten k\u00f6nnen. In der Vereinswertung kann der SAV Torgelow mit den drei tollen Medaillen sogar den 1.Platz belegen.<\/p>\n<ul>\n<li><a href=\"https:\/\/picasaweb.google.com\/105882088140256014177\/Ringen2015BindlachDRBKaderturnierJugendAGrRom02\" target=\"_blank\">Fotos<\/a><\/li>\n<\/ul>\n","protected":false},"excerpt":{"rendered":"<p>Gleich zum Jahresauftakt lud Bundestrainer Maik Bullmann seine Kadetten (15-17 Jahre) zum Kaderturnier nach Bindlach (Bayern) ein. Hier k\u00f6nnen sich die Nachwuchsk\u00e4mpfer des griechisch-r\u00f6mischen Ringkampfes schon vor den Titelk\u00e4mpfen im Fr\u00fchjahr f\u00fcr eventuelle internationale Aufgaben empfehlen. F\u00fcr den Ringerverband Mecklenburg-Vorpommern gingen 6 Athleten an den Start, sie erk\u00e4mpften<\/p>\n","protected":false},"author":2,"featured_media":3288,"comment_status":"open","ping_status":"open","sticky":false,"template":"","format":"standard","meta":{"footnotes":""},"categories":[9,8],"tags":[],"class_list":["post-3285","post","type-post","status-publish","format-standard","has-post-thumbnail","hentry","category-greifswald","category-torgelow"],"_links":{"self":[{"href":"https:\/\/www.ringen-mv.de\/index.php?rest_route=\/wp\/v2\/posts\/3285","targetHints":{"allow":["GET"]}}],"collection":[{"href":"https:\/\/www.ringen-mv.de\/index.php?rest_route=\/wp\/v2\/posts"}],"about":[{"href":"https:\/\/www.ringen-mv.de\/index.php?rest_route=\/wp\/v2\/types\/post"}],"author":[{"embeddable":true,"href":"https:\/\/www.ringen-mv.de\/index.php?rest_route=\/wp\/v2\/users\/2"}],"replies":[{"embeddable":true,"href":"https:\/\/www.ringen-mv.de\/index.php?rest_route=%2Fwp%2Fv2%2Fcomments&post=3285"}],"version-history":[{"count":5,"href":"https:\/\/www.ringen-mv.de\/index.php?rest_route=\/wp\/v2\/posts\/3285\/revisions"}],"predecessor-version":[{"id":3293,"href":"https:\/\/www.ringen-mv.de\/index.php?rest_route=\/wp\/v2\/posts\/3285\/revisions\/3293"}],"wp:featuredmedia":[{"embeddable":true,"href":"https:\/\/www.ringen-mv.de\/index.php?rest_route=\/wp\/v2\/media\/3288"}],"wp:attachment":[{"href":"https:\/\/www.ringen-mv.de\/index.php?rest_route=%2Fwp%2Fv2%2Fmedia&parent=3285"}],"wp:term":[{"taxonomy":"category","embeddable":true,"href":"https:\/\/www.ringen-mv.de\/index.php?rest_route=%2Fwp%2Fv2%2Fcategories&post=3285"},{"taxonomy":"post_tag","embeddable":true,"href":"https:\/\/www.ringen-mv.de\/index.php?rest_route=%2Fwp%2Fv2%2Ftags&post=3285"}],"curies":[{"name":"wp","href":"https:\/\/api.w.org\/{rel}","templated":true}]}}