{"id":3299,"date":"2015-01-14T11:24:14","date_gmt":"2015-01-14T09:24:14","guid":{"rendered":"http:\/\/www.sav-torgelow-ringen.de\/RV%20MV2\/wordpress_341-de\/wordpress\/?p=3299"},"modified":"2015-01-14T11:24:14","modified_gmt":"2015-01-14T09:24:14","slug":"den-ringkampfsport-2015-im-blick","status":"publish","type":"post","link":"https:\/\/www.ringen-mv.de\/?p=3299","title":{"rendered":"Den Ringkampfsport 2015 im Blick"},"content":{"rendered":"<p style=\"text-align: justify\"><a href=\"http:\/\/www.ringen-mv.de\/wp-content\/uploads\/2013\/11\/logo-psv-rostock.png\"><img loading=\"lazy\" decoding=\"async\" class=\"alignleft size-full wp-image-2367\" src=\"http:\/\/www.ringen-mv.de\/wp-content\/uploads\/2013\/11\/logo-psv-rostock.png\" alt=\"logo-psv-rostock\" width=\"150\" height=\"150\" \/><\/a>Nachgefragt bei Dagmar Wiesemann vom PSV Rostock<\/p>\n<p style=\"text-align: justify\">Das Jahr 2015 hat auch f\u00fcr die Ringerinnen und Ringer l\u00e4ngst begonnen. Die n\u00e4chsten Monate werden dabei aus ringkampfsportlicher Sicht sehr ereignisreich und spannend, denn vom 7.September bis 15.September finden die Welt-Titelk\u00e4mpfe in Las Vegas statt, die zugleich auch eine Olympia-Qualifikation f\u00fcr Rio 2016 darstellen.<!--more--><\/p>\n<p style=\"text-align: justify\">Im letzten Jahr, bei den WM in Taschkent, dominierten vor allem die Ringerinnen und Ringer aus Russland (f\u00fcnfzehn Medaillen, darunter sechsmal Gold), dem Iran (neun Medaillen, darunter einmal Gold), der T\u00fcrkei (acht Medaillen, darunter einmal Gold), Aserbaidschan (sieben Medaillen, darunter einmal Gold), Japan (sechs Medaillen, darunter viermal Gold) und den USA (sechs Medaillen, darunter einmal Gold).<\/p>\n<p style=\"text-align: justify\">Aus deutscher Sicht erk\u00e4mpften in der usbekischen Hauptstadt Aline Focken Gold (Gewichtsklasse bis 69 Kilogramm\/Freistil) und Oliver Hassler Silber (Gewichtsklasse bis 98 Kilogramm\/Klassik).<\/p>\n<p style=\"text-align: justify\">Regional betrachtet stehen in den kommenden drei Wochen vor allem zwei Turniere im Blickpunkt, so die offenen MV-Meisterschaften (Klassik) der Jugend A\/B am 17.Januar in Torgelow und der Jugend C\/D\/E am 24.Januar in Stralsund.<\/p>\n<p style=\"text-align: justify\">Wie beurteilt nun Dagmar Wiesemann vom PSV Rostock die kommenden Ringer-Monate?!<\/p>\n<p style=\"text-align: justify\">D.Wiesemann \u00fcber die kommenden ringkampfsportlichen Turniere in und au\u00dferhalb Rostocks<\/p>\n<p style=\"text-align: justify\">&#8222;Es wird ein spannendes Jahr &#8230;&#8220;<\/p>\n<p style=\"text-align: justify\">Frage: Das Jahr 2015 gelangte l\u00e4ngst aus den Startl\u00f6chern&#8230; Welche ringkampfsportlichen Erwartungen, aus Rostocker Sicht, haben Sie f\u00fcr die folgenden Monate?<\/p>\n<p style=\"text-align: justify\">Dagmar Wiesemann: Ja, nach dem &#8222;Feiertagsspeck&#8220; und der Erholung zum Jahresausklanggeht beginnt das neue Jahr gleich mit Meisterschaften f\u00fcr den Ringkampfsport. Wir hoffen nat\u00fcrlich, dass unser Ringer-Nachwuchs wieder gute Leistungen zeigt und wir einige Meistertitel holen k\u00f6nnen Die Vorbereitung einiger unserer Ringer f\u00fcr die Deutsche Meisterschaft der B-Jugend in Rimbach steht ebenfalls auf dem Plan.<\/p>\n<p style=\"text-align: justify\">Frage: Welche H\u00f6hepunkte f\u00fcr die Rostocker PSV-Ringer gibt es 2015?<\/p>\n<p style=\"text-align: justify\">Dagmar Wiesemann: Wir starten nat\u00fcrlich ebenfalls schon im Januar Die einzelnen Turniere ziehen sich durch das ganze Jahr und auch nach den Deutschen Meisterschaften gibt es noch eine Menge interessanter Wettk\u00e4mpfe. F\u00fcr die Rostocker geh\u00f6rt die kleine, aber feine Schul-Meisterschaft im M\u00e4rz auch zum festen Turnier-Plan. Das Warnem\u00fcnder Traditionsturnier und nat\u00fcrlich der Ostseepokal sind f\u00fcr uns au\u00dferdem Turniere, die fest auf der sportlichen Agenda stehen. Auch der B\u00e4ren-Cup in D\u00e4nemark und der Skoda-Cup in Demmin fehlen nicht auf unserer Wettkampf-Liste.<\/p>\n<p style=\"text-align: justify\">Frage: Wann starten Ihre Ringer wettkampfm\u00e4\u00dfig &#8222;ganz genau&#8220; ins neue Jahr?<\/p>\n<p style=\"text-align: justify\">Dagmar Wiesemann: Wie schon gesagt, die offenen MV-Meisterschaften (Klassik)\u00a0<del>der Jugend A\/B am 17.Januar in Torgelow und<\/del> der Jugend C\/D\/E am 24.Januar in Stralsund sind in diesem Jahr die ersten Wettkampf-Daten.<\/p>\n<p style=\"text-align: justify\">Frage: 2015 ist ein vorolympisches Jahr. Was erhoffen Sie sich von den deutschen Ringerinnen und Ringern?<\/p>\n<p style=\"text-align: justify\">Dagmar Wiesemann: Nat\u00fcrlich hoffe ich, dass sie einige &#8222;alte&#8220; Ringerinnen und Ringer mit guten Leistungen den Olympischen Spielen n\u00e4her bringen, aber auch auf die Nachwuchssportler bin ich gespannt. Bekanntlich sind gerade diese auch immer wieder f\u00fcr eine \u00dcberraschung bekannt. Vor allem w\u00fcnsche ich aber allen Sportlern ein erfolgreiches und verletzungsfreies Jahr.<\/p>\n<p style=\"text-align: justify\">F\u00fcr die Rostocker wird das Jahr 2015 ebenfalls ein spannendes, weil wir in diesem Jahr mit der Planung f\u00fcr die Durchf\u00fchrung der Deutschen Meisterschaften der B-Jugend 2016 beginnen. Es freut uns, dass wir diesen gro\u00dfen und interessanten Wettkampf nach Rostock holen konnten, laden jetzt schon heute alle Ringkampf-Begeisterten und ihre Freunde zu der Veranstaltung ein und hoffen, dass unsere Planung und Durchf\u00fchrung eine gelungene Meisterschaft hervor bringt.<\/p>\n<p style=\"text-align: justify\">Vielen Dank, maximale sportliche Erfolge f\u00fcr das Rostocker PSV-Ringkampf-Team und alles erdenklich Gute f\u00fcr 2015!<\/p>\n<p style=\"text-align: justify\">Marko Michels<\/p>\n<p style=\"text-align: justify\">Zur Info:<\/p>\n<p style=\"text-align: justify\">Zu den MV-Ringern bei Olympia \u2013 eine Auswahl \u2026<\/p>\n<p style=\"text-align: justify\">Lothar Metz, 1939 in Meerane geboren, vom ASK Vorw\u00e4rts Rostock nahm viermal an Olympischen Spielen von 1960 bis 1972 im griechisch-r\u00f6mischen Stil teil und seine Bilanz ist \u201eatemberaubend\u201c: 1 x Gold, 1 x Silber und 1 x Bronze, wobei er in Mexico-City`68 die Goldmedaille errang.<br \/>\nMetz` Klubkollege Rudolf Vesper, 1939 in Niehmen\/Schlesien geboren, war hingegen zweimal Olympionike: 1964 und 1968.<br \/>\n1964 noch \u201eLehrling\u201c (Achter) wurde Rudolf Vesper ebenfalls 1968 \u201eolympischer Meister\u201c.<br \/>\nZwar ohne Medaillengewinn trotz guter Leistungen blieb der in Teusin\/Demmin geborene Klaus Pohl, der bei Olympia 1968 (Leichtgewicht\/GR) und 1972 (Weltergewicht\/GR\/7.Platz) startete.<br \/>\nOlympia-Bronze f\u00fcr den sp\u00e4teren Weltmeister (1977) gab es f\u00fcr Heinz-Helmut Wehling vom ASK Vorw\u00e4rts Rostock bei den Spielen 1976 in Montreal. Zuvor, bei Olympia 1972, hatte er schon Silber erk\u00e4mpft.<\/p>\n<p style=\"text-align: justify\">Hervorragende Platzierungen bei Olympischen Spielen erreichte auch der geb\u00fcrtige Woldegker Roland Gehrke. Dieser \u201eschrammte\u201c zweimal ganz, ganz knapp an einer Medaille (im Superschwergewicht\/Freistil) \u201evorbei\u201c: In Montreal 1976 und in Moskau 1980 wurde er jeweils Vierter.<br \/>\nIm Jahre 1969 war Roland Gehrke in Neubrandenburg zum Ringen gelangt.<\/p>\n<p style=\"text-align: justify\">Hans-Dieter Br\u00fcchert aus Jarmen (Kreis Demmin) wurde 1976 in der Klasse bis 57 kg im Freistil-Ringen olympischer Silbermedaillen-Gewinner.<br \/>\nDietmar Hinz, Jahrgang 1953 mit Geburtsort Loitz, schaffte im Halbfliegengewicht in Montreal 1976 Platz f\u00fcnf. Der geb\u00fcrtige Rostocker Otto Steingr\u00e4ber, Jahrgang 1957, war Olympia-Teilnehmer 1980 in Moskau (Weltergewicht\/Freistil). Des Weiteren nahmen Armin Weier aus Vorbein (1980\/Mittelgewicht\/Freistil), Olaf Koschnitzke aus Grevesm\u00fchlen (1988\/Halbschwergewicht\/GR) und Rene Schniekel aus L\u00fcbz (1996\/Superschwergewicht\/GR\/6.Platz) an Olympia teil.<br \/>\nGanz knapp k\u00e4mpfte sich der geb\u00fcrtige Anklamer John Roland Redman, f\u00fcr die USA startend, bei den Olympischen Spielen 1920 in Antwerpen an einer Medaille (Leichtschwergewicht\/Freistil) vorbei. Er wurde Vierter.<\/p>\n<p style=\"text-align: justify\">Last but not least: Der 1971 in Greifswald geborene Olaf Brandt war 1992 in Barcelona als Ringer im Fliegengewicht (GR) olympisch aktiv.<\/p>\n<p style=\"text-align: justify\">Marko Michels<\/p>\n","protected":false},"excerpt":{"rendered":"<p>Nachgefragt bei Dagmar Wiesemann vom PSV Rostock Das Jahr 2015 hat auch f\u00fcr die Ringerinnen und Ringer l\u00e4ngst begonnen. Die n\u00e4chsten Monate werden dabei aus ringkampfsportlicher Sicht sehr ereignisreich und spannend, denn vom 7.September bis 15.September finden die Welt-Titelk\u00e4mpfe in Las Vegas statt, die zugleich auch eine Olympia-Qualifikation<\/p>\n","protected":false},"author":2,"featured_media":0,"comment_status":"open","ping_status":"open","sticky":false,"template":"","format":"standard","meta":{"footnotes":""},"categories":[12],"tags":[],"class_list":["post-3299","post","type-post","status-publish","format-standard","hentry","category-rostock"],"_links":{"self":[{"href":"https:\/\/www.ringen-mv.de\/index.php?rest_route=\/wp\/v2\/posts\/3299","targetHints":{"allow":["GET"]}}],"collection":[{"href":"https:\/\/www.ringen-mv.de\/index.php?rest_route=\/wp\/v2\/posts"}],"about":[{"href":"https:\/\/www.ringen-mv.de\/index.php?rest_route=\/wp\/v2\/types\/post"}],"author":[{"embeddable":true,"href":"https:\/\/www.ringen-mv.de\/index.php?rest_route=\/wp\/v2\/users\/2"}],"replies":[{"embeddable":true,"href":"https:\/\/www.ringen-mv.de\/index.php?rest_route=%2Fwp%2Fv2%2Fcomments&post=3299"}],"version-history":[{"count":2,"href":"https:\/\/www.ringen-mv.de\/index.php?rest_route=\/wp\/v2\/posts\/3299\/revisions"}],"predecessor-version":[{"id":3301,"href":"https:\/\/www.ringen-mv.de\/index.php?rest_route=\/wp\/v2\/posts\/3299\/revisions\/3301"}],"wp:attachment":[{"href":"https:\/\/www.ringen-mv.de\/index.php?rest_route=%2Fwp%2Fv2%2Fmedia&parent=3299"}],"wp:term":[{"taxonomy":"category","embeddable":true,"href":"https:\/\/www.ringen-mv.de\/index.php?rest_route=%2Fwp%2Fv2%2Fcategories&post=3299"},{"taxonomy":"post_tag","embeddable":true,"href":"https:\/\/www.ringen-mv.de\/index.php?rest_route=%2Fwp%2Fv2%2Ftags&post=3299"}],"curies":[{"name":"wp","href":"https:\/\/api.w.org\/{rel}","templated":true}]}}