{"id":3402,"date":"2015-02-09T02:51:23","date_gmt":"2015-02-09T01:51:23","guid":{"rendered":"http:\/\/www.sav-torgelow-ringen.de\/RV%20MV2\/wordpress_341-de\/wordpress\/?p=3402"},"modified":"2015-02-26T02:53:56","modified_gmt":"2015-02-26T01:53:56","slug":"ringer-veranstalten-trainingslager-in-der-ospa-arena","status":"publish","type":"post","link":"https:\/\/www.ringen-mv.de\/?p=3402","title":{"rendered":"Ringer veranstalten Trainingslager in der OSPA-Arena"},"content":{"rendered":"<p style=\"text-align: justify;\">In Vorbereitung auf die im M\u00e4rz stattfindenden Deutschen Meisterschaften gibt es f\u00fcr die kleinen Ringer vom PSV Rostock auch in den Winterferien keinen Stillstand. In der zweiten Ferienwoche veranstalteten die Rostocker vom 09.02.-12.02.2015 ein Trainingscamp in der heimischen OSPA-Arena.<\/p>\n<p style=\"text-align: justify;\"><!--more--><br \/>\nNeben den eigenen Sportlern luden sie noch Ringer vom SV Warnem\u00fcnde und vom RV L\u00fcbtheen ein, sodass 25 Jungen und M\u00e4dchen mit vollem Einsatz, Spass und Engagement an dieser Ma\u00dfnahme teilneh<span class=\"text_exposed_hide\">&#8230;<\/span><span class=\"text_exposed_show\">men konnten. In 8 zum Teil harten Trainingseinheiten, verteilt \u00fcber 4 Tage, wurden technische Fertigkeiten verbessert, neue Sachen erlernt und die eigenen k\u00f6rperlichen Leistungsf\u00e4higkeiten durch Kraftkreise und Trainingsk\u00e4mpfe gesteigert. Durch immer wieder eingestreute Spiele schafften es die drei Trainer Andr\u00e9 Lenz (PSV Rostock), Bernd Meyer (SV Warnem\u00fcnde) und Jens-Peter Sievertsen (RV L\u00fcbtheen) zudem die Stimmung und Motivation der Sportler oben zu halten und konnten am Ende auf ein erfolgreiches Trainingscamp zur\u00fcck blicken, das jeden teilnehmenden Ringer in seiner Entwicklung weiter gebracht hat.<br \/>\nDie Trainer m\u00f6chten sich auf diesem Weg noch einmal bei den Eltern der Rostocker und Warnem\u00fcnder Ringer bedanken, da sie die L\u00fcbtheener Sportler f\u00fcr die Dauer des Trainingscamps bei sich aufgenommen hatten.<\/span><\/p>\n","protected":false},"excerpt":{"rendered":"<p>In Vorbereitung auf die im M\u00e4rz stattfindenden Deutschen Meisterschaften gibt es f\u00fcr die kleinen Ringer vom PSV Rostock auch in den Winterferien keinen Stillstand. In der zweiten Ferienwoche veranstalteten die Rostocker vom 09.02.-12.02.2015 ein Trainingscamp in der heimischen OSPA-Arena.<\/p>\n","protected":false},"author":1,"featured_media":2367,"comment_status":"open","ping_status":"open","sticky":false,"template":"","format":"standard","meta":{"footnotes":""},"categories":[4,12,17],"tags":[],"class_list":["post-3402","post","type-post","status-publish","format-standard","has-post-thumbnail","hentry","category-lubtheen","category-rostock","category-warnemunde"],"_links":{"self":[{"href":"https:\/\/www.ringen-mv.de\/index.php?rest_route=\/wp\/v2\/posts\/3402","targetHints":{"allow":["GET"]}}],"collection":[{"href":"https:\/\/www.ringen-mv.de\/index.php?rest_route=\/wp\/v2\/posts"}],"about":[{"href":"https:\/\/www.ringen-mv.de\/index.php?rest_route=\/wp\/v2\/types\/post"}],"author":[{"embeddable":true,"href":"https:\/\/www.ringen-mv.de\/index.php?rest_route=\/wp\/v2\/users\/1"}],"replies":[{"embeddable":true,"href":"https:\/\/www.ringen-mv.de\/index.php?rest_route=%2Fwp%2Fv2%2Fcomments&post=3402"}],"version-history":[{"count":2,"href":"https:\/\/www.ringen-mv.de\/index.php?rest_route=\/wp\/v2\/posts\/3402\/revisions"}],"predecessor-version":[{"id":3407,"href":"https:\/\/www.ringen-mv.de\/index.php?rest_route=\/wp\/v2\/posts\/3402\/revisions\/3407"}],"wp:featuredmedia":[{"embeddable":true,"href":"https:\/\/www.ringen-mv.de\/index.php?rest_route=\/wp\/v2\/media\/2367"}],"wp:attachment":[{"href":"https:\/\/www.ringen-mv.de\/index.php?rest_route=%2Fwp%2Fv2%2Fmedia&parent=3402"}],"wp:term":[{"taxonomy":"category","embeddable":true,"href":"https:\/\/www.ringen-mv.de\/index.php?rest_route=%2Fwp%2Fv2%2Fcategories&post=3402"},{"taxonomy":"post_tag","embeddable":true,"href":"https:\/\/www.ringen-mv.de\/index.php?rest_route=%2Fwp%2Fv2%2Ftags&post=3402"}],"curies":[{"name":"wp","href":"https:\/\/api.w.org\/{rel}","templated":true}]}}