{"id":3408,"date":"2015-02-22T02:56:34","date_gmt":"2015-02-22T01:56:34","guid":{"rendered":"http:\/\/www.sav-torgelow-ringen.de\/RV%20MV2\/wordpress_341-de\/wordpress\/?p=3408"},"modified":"2015-02-26T02:57:01","modified_gmt":"2015-02-26T01:57:01","slug":"demminer-ringer-auf-potsdamer-matten-aktiv","status":"publish","type":"post","link":"https:\/\/www.ringen-mv.de\/?p=3408","title":{"rendered":"Demminer Ringer auf Potsdamer Matten aktiv"},"content":{"rendered":"<p style=\"text-align: justify;\">Am vergangenen Sonnabend starteten f\u00fcnf Teilnehmer des Demminer Ringerverein 1954 e. V. beim traditionellen Raab-Karcher-Cup.<\/p>\n<p style=\"text-align: justify;\"><!--more--><br \/>\nLeider war schon fr\u00fch klar, dass die Demminer Mattenf\u00fcchse nur stark reduziert nach Potsdam reisen k\u00f6nnen, denn gleich acht kleine Ringerinnen und Ringer mussten krankheitsbedingt absagen. Also galt es f\u00fcr die verbliebenen F\u00fcnf die Kohlen aus dem Feuer zu holen.<br \/>\nDies gelang aber nur teilweise. Am besten schnitt der Silbermedaillengewinner Marc Warncke ab. Eine Stufe tiefer stand Max Flatau auf dem Podium, der nur seinem Rostocker Dauerrivalen unterlag. Positiv war auch der Auftritt von Joelin Radloff. Zwar wurde die Hansest\u00e4dterin \u201enur\u201c Sechste, konnte aber im Turnierverlauf immerhin den sp\u00e4teren Zweiten auf Schulter besiegen. F\u00fcnfter wurde Dustin Budriks, der sich in einem starken 15-er Feld selbst um eine bessere Platzierung brachte. Einen rabenschwarzen Tag erwischte Lenny Gr\u00fcnheid, der nach zwei Niederlagen fr\u00fch aus dem Turnier ausschied.<\/p>\n<p style=\"text-align: justify;\">Am n\u00e4chsten Wochenende starten die etwas gr\u00f6\u00dferen M\u00e4dchen bei den Mitteldeutschen Meisterschaften in Jena, wo die Demminerinnen wie im letzten Jahr schon positive Akzente setzen k\u00f6nnen.<\/p>\n","protected":false},"excerpt":{"rendered":"<p>Am vergangenen Sonnabend starteten f\u00fcnf Teilnehmer des Demminer Ringerverein 1954 e. V. beim traditionellen Raab-Karcher-Cup.<\/p>\n","protected":false},"author":1,"featured_media":2362,"comment_status":"open","ping_status":"open","sticky":false,"template":"","format":"standard","meta":{"footnotes":""},"categories":[11],"tags":[],"class_list":["post-3408","post","type-post","status-publish","format-standard","has-post-thumbnail","hentry","category-demmin"],"_links":{"self":[{"href":"https:\/\/www.ringen-mv.de\/index.php?rest_route=\/wp\/v2\/posts\/3408","targetHints":{"allow":["GET"]}}],"collection":[{"href":"https:\/\/www.ringen-mv.de\/index.php?rest_route=\/wp\/v2\/posts"}],"about":[{"href":"https:\/\/www.ringen-mv.de\/index.php?rest_route=\/wp\/v2\/types\/post"}],"author":[{"embeddable":true,"href":"https:\/\/www.ringen-mv.de\/index.php?rest_route=\/wp\/v2\/users\/1"}],"replies":[{"embeddable":true,"href":"https:\/\/www.ringen-mv.de\/index.php?rest_route=%2Fwp%2Fv2%2Fcomments&post=3408"}],"version-history":[{"count":1,"href":"https:\/\/www.ringen-mv.de\/index.php?rest_route=\/wp\/v2\/posts\/3408\/revisions"}],"predecessor-version":[{"id":3409,"href":"https:\/\/www.ringen-mv.de\/index.php?rest_route=\/wp\/v2\/posts\/3408\/revisions\/3409"}],"wp:featuredmedia":[{"embeddable":true,"href":"https:\/\/www.ringen-mv.de\/index.php?rest_route=\/wp\/v2\/media\/2362"}],"wp:attachment":[{"href":"https:\/\/www.ringen-mv.de\/index.php?rest_route=%2Fwp%2Fv2%2Fmedia&parent=3408"}],"wp:term":[{"taxonomy":"category","embeddable":true,"href":"https:\/\/www.ringen-mv.de\/index.php?rest_route=%2Fwp%2Fv2%2Fcategories&post=3408"},{"taxonomy":"post_tag","embeddable":true,"href":"https:\/\/www.ringen-mv.de\/index.php?rest_route=%2Fwp%2Fv2%2Ftags&post=3408"}],"curies":[{"name":"wp","href":"https:\/\/api.w.org\/{rel}","templated":true}]}}