{"id":3423,"date":"2015-03-09T09:51:58","date_gmt":"2015-03-09T08:51:58","guid":{"rendered":"http:\/\/www.sav-torgelow-ringen.de\/RV%20MV2\/wordpress_341-de\/wordpress\/?p=3423"},"modified":"2015-03-16T21:25:57","modified_gmt":"2015-03-16T20:25:57","slug":"gelungener-meisterschaftsauftakt-mit-2-medaillen","status":"publish","type":"post","link":"https:\/\/www.ringen-mv.de\/?p=3423","title":{"rendered":"Gelungener Meisterschaftsauftakt mit 2 Medaillen"},"content":{"rendered":"<div id=\"attachment_3424\" style=\"width: 160px\" class=\"wp-caption alignleft\"><a href=\"http:\/\/www.ringen-mv.de\/wp-content\/uploads\/2015\/03\/IMG_9538.jpg\"><img loading=\"lazy\" decoding=\"async\" aria-describedby=\"caption-attachment-3424\" class=\"size-thumbnail wp-image-3424\" src=\"http:\/\/www.ringen-mv.de\/wp-content\/uploads\/2015\/03\/IMG_9538-150x150.jpg\" alt=\"Alexander Ginc\" width=\"150\" height=\"150\" srcset=\"https:\/\/www.ringen-mv.de\/wp-content\/uploads\/2015\/03\/IMG_9538-150x150.jpg 150w, https:\/\/www.ringen-mv.de\/wp-content\/uploads\/2015\/03\/IMG_9538-75x75.jpg 75w\" sizes=\"auto, (max-width: 150px) 100vw, 150px\" \/><\/a><p id=\"caption-attachment-3424\" class=\"wp-caption-text\">Alexander Ginc<\/p><\/div>\n<p style=\"text-align: justify;\">Am vergangenen Wochenende begannen mit den Titelk\u00e4mpfen der Ringer im Juniorenbereich die diesj\u00e4hrigen Meisterschaften in den einzelnen Altersbereichen. Zum Auftakt sah es f\u00fcr den Landesverband Mecklenburg-Vorpommern nicht sehr gut aus, da leider unerwartet Ausf\u00e4lle hingenommen werden mussten. Von den 5 geplanten Teilnehmern standen so am Ende bedauerlicherweise nur 3 auf der Matte.<\/p>\n<p style=\"text-align: justify;\"><!--more-->In H\u00f6sbach (Hessen) gingen die Freistilspezialisten im weiblichen un<span class=\"text_exposed_show\">d m\u00e4nnlichen Bereich an den Start und in L\u00fcnen (NRW) k\u00e4mpften die Ringer des griechisch-r\u00f6mischen Stiles um die Medaillen. <\/span><\/p>\n<p style=\"text-align: justify;\"><span class=\"text_exposed_show\">Sebastian Nehls (74 kg) ging f\u00fcr den SV Warnem\u00fcnde bei den Freistilern ins Rennen, er begann mit einem tollen 11:2 Erfolg \u00fcber Johannes Deml (Hessen) unterlag dann aber gegen Benedikt Argstatter (Bayern) knapp mit 4:6. Da der Bayer nicht das Finale erreichte, war das Turnier damit f\u00fcr Sebastian leider beendet. <\/span><\/p>\n<p style=\"text-align: justify;\"><span class=\"text_exposed_show\">Zweite Starterin in H\u00f6sbach war Steffi Blohm (Demminer RV). Sie ringt ja sogar noch im Kadettenbereich, darf aber schon bei den Juniorinnen an den Start gehen. Da in der 72 kg-Klasse nur 3 Teilnehmerinnen gemeldet waren, gab es f\u00fcr Steffi damit bei diesem Turnier nur 2 K\u00e4mpfe zu bestreiten. Zum Auftakt unterlag sie der Favoritin Francy R\u00e4delt (Brandenburg) recht knapp nur mit 0:3, sicherte sich dann aber mit einem sicheren 10:0 Erfolg \u00fcber Romy Jahnke die Silbermedaille. Schon im letzten Jahr gewann sie ja Silber bei ihrer Heim-DM in Demmin. Ihre eigentliche Meisterschaft findet dann Mitte M\u00e4rz in Berlin statt. <\/span><\/p>\n<p style=\"text-align: justify;\"><span class=\"text_exposed_show\">Ebenfalls als Kadett bei den Junioren startend ging in L\u00fcnen als einziger Teilnehmer Alexander Ginc (55 kg\/SAV Torgelow) auf die Matte. Im letzten Jahr wurde er in der 50 kg-Klasse noch \u00fcberraschend deutscher Meister. Jetzt, eine Kategorie h\u00f6her, waren die Gegner nat\u00fcrlich st\u00e4rker. Zum Auftakt besiegt Alex den Hessen Damio Keimig mit 8:0 und stand somit im Halbfinale. Hier ging es gegen Peter Haase (Sachsen) der ihm auf dem falschen Fu\u00df erwischte und so zog Alex leider mit 0:5 den K\u00fcrzeren. Im Entscheidungskampf um den Einzug ins kleine Finale besiegte er Pascal Hilkert (Nordbaden) mit 8:0 eindeutig. Im Kampf um Bronze hatte er sich mit Felix Losmann (Nordbaden) auseinanderzusetzen. Mit gro\u00dfem Kampfeinsatz beherrschte er seinen Kontrahenten von der ersten Sekunde an. Mit sch\u00f6nem Wurf und anschlei\u00dfender Rolle war der Kampf nach 38 Sekunden und einem 8:0 \u00dcberlegenheitssieg bereits beendet. Damit sicherte sich der 16-j\u00e4hrige Sch\u00fcler der Sportschule in Frankfurt\/Oder die Bronzemedaille. Seine eigentlichen Kadettenmeisterschaften werden dann allerdings erst im April stattfinden.<\/span><\/p>\n<p>Links:<\/p>\n<ul>\n<li><a title=\"Ergebnisse DM Junioren-Juniorinnen\" href=\"http:\/\/www.liga-db.de\/Turniere\/DM\/HES\/2015\/DE\/150308_Hoesbach\/indexGER.htm\" target=\"_blank\">Ergebnisse DM Junioren-Juniorinnen<\/a><\/li>\n<li><a title=\"Ergebnisse DM Junioren Gr.-r\u00f6m.\" href=\"http:\/\/www.ringen-nrw.de\/cms\/index.php?option=com_rdb&amp;task=view&amp;id=499&amp;Itemid=125&amp;tnid=TMA.GER.NRW.70..200&amp;sid=2015&amp;op=q&amp;group=0&amp;tk=tn&amp;xq=h&amp;pdf=&amp;wgid=120#embeddedHome\" target=\"_blank\">Ergebnisse DM Junioren Gr.-r\u00f6m.<\/a><\/li>\n<li><a title=\"Fotos DM Junioren GR\" href=\"https:\/\/picasaweb.google.com\/105882088140256014177\/Ringen2015DMJuniorenGrRomLunen\" target=\"_blank\">Fotos DM Junioren GR<\/a><\/li>\n<\/ul>\n<div id=\"attachment_3432\" style=\"width: 730px\" class=\"wp-caption alignnone\"><a href=\"http:\/\/www.ringen-mv.de\/wp-content\/uploads\/2015\/03\/Silber-f\u00fcr-Steffi-Blohm.jpg\" target=\"_blank\"><img loading=\"lazy\" decoding=\"async\" aria-describedby=\"caption-attachment-3432\" class=\"wp-image-3432 size-full\" src=\"http:\/\/www.ringen-mv.de\/wp-content\/uploads\/2015\/03\/Silber-f\u00fcr-Steffi-Blohm.jpg\" alt=\"Silber f\u00fcr Steffi Blohm\" width=\"720\" height=\"405\" srcset=\"https:\/\/www.ringen-mv.de\/wp-content\/uploads\/2015\/03\/Silber-f\u00fcr-Steffi-Blohm.jpg 720w, https:\/\/www.ringen-mv.de\/wp-content\/uploads\/2015\/03\/Silber-f\u00fcr-Steffi-Blohm-300x169.jpg 300w, https:\/\/www.ringen-mv.de\/wp-content\/uploads\/2015\/03\/Silber-f\u00fcr-Steffi-Blohm-425x240.jpg 425w\" sizes=\"auto, (max-width: 720px) 100vw, 720px\" \/><\/a><p id=\"caption-attachment-3432\" class=\"wp-caption-text\">Silber f\u00fcr Steffi Blohm<\/p><\/div>\n<p>&nbsp;<\/p>\n<p>&nbsp;<\/p>\n","protected":false},"excerpt":{"rendered":"<p>Am vergangenen Wochenende begannen mit den Titelk\u00e4mpfen der Ringer im Juniorenbereich die diesj\u00e4hrigen Meisterschaften in den einzelnen Altersbereichen. Zum Auftakt sah es f\u00fcr den Landesverband Mecklenburg-Vorpommern nicht sehr gut aus, da leider unerwartet Ausf\u00e4lle hingenommen werden mussten. Von den 5 geplanten Teilnehmern standen so am Ende bedauerlicherweise nur<\/p>\n","protected":false},"author":2,"featured_media":0,"comment_status":"open","ping_status":"open","sticky":false,"template":"","format":"standard","meta":{"footnotes":""},"categories":[1],"tags":[],"class_list":["post-3423","post","type-post","status-publish","format-standard","hentry","category-allgemein"],"_links":{"self":[{"href":"https:\/\/www.ringen-mv.de\/index.php?rest_route=\/wp\/v2\/posts\/3423","targetHints":{"allow":["GET"]}}],"collection":[{"href":"https:\/\/www.ringen-mv.de\/index.php?rest_route=\/wp\/v2\/posts"}],"about":[{"href":"https:\/\/www.ringen-mv.de\/index.php?rest_route=\/wp\/v2\/types\/post"}],"author":[{"embeddable":true,"href":"https:\/\/www.ringen-mv.de\/index.php?rest_route=\/wp\/v2\/users\/2"}],"replies":[{"embeddable":true,"href":"https:\/\/www.ringen-mv.de\/index.php?rest_route=%2Fwp%2Fv2%2Fcomments&post=3423"}],"version-history":[{"count":13,"href":"https:\/\/www.ringen-mv.de\/index.php?rest_route=\/wp\/v2\/posts\/3423\/revisions"}],"predecessor-version":[{"id":3461,"href":"https:\/\/www.ringen-mv.de\/index.php?rest_route=\/wp\/v2\/posts\/3423\/revisions\/3461"}],"wp:attachment":[{"href":"https:\/\/www.ringen-mv.de\/index.php?rest_route=%2Fwp%2Fv2%2Fmedia&parent=3423"}],"wp:term":[{"taxonomy":"category","embeddable":true,"href":"https:\/\/www.ringen-mv.de\/index.php?rest_route=%2Fwp%2Fv2%2Fcategories&post=3423"},{"taxonomy":"post_tag","embeddable":true,"href":"https:\/\/www.ringen-mv.de\/index.php?rest_route=%2Fwp%2Fv2%2Ftags&post=3423"}],"curies":[{"name":"wp","href":"https:\/\/api.w.org\/{rel}","templated":true}]}}